{"id":2204,"date":"2017-07-17T19:13:54","date_gmt":"2017-07-17T17:13:54","guid":{"rendered":"http:\/\/cpl14.fr\/?p=2204"},"modified":"2018-11-21T15:41:15","modified_gmt":"2018-11-21T14:41:15","slug":"un-saint-esprit","status":"publish","type":"post","link":"https:\/\/cpl14.fr\/?p=2204","title":{"rendered":"Un Saint Esprit"},"content":{"rendered":"<p>Pour faire suite \u00e0 la Croix de Rouen, nous pr\u00e9sentons ici un autre bijou caract\u00e9ristique de la Normandie :<\/p>\n<div dir=\"auto\">\u00a0\u00a0\u00bb Pendentif Saint-Esprit \u00ab\u00a0<\/div>\n<div dir=\"auto\">Or moul\u00e9, strass et pierres de couleur vert tr\u00e8s clair.<\/div>\n<div dir=\"auto\">65 \u00d7 34mm . 8gr.<\/div>\n<div dir=\"auto\">Collect\u00e9 d&rsquo;une famille du Pays d&rsquo;Auge.<\/div>\n<div dir=\"auto\">Trace faible de poin\u00e7on \u00ab\u00a0soc de charrue\u00a0\u00bb permettant de l&rsquo;attribuer \u00e0 Caen: \u00a0fin du XVIIIe si\u00e8cle.\u00a0(Le poin\u00e7on est sur la b\u00e9li\u00e8re)<\/div>\n<div dir=\"auto\">La b\u00e9li\u00e8re est en forme de ruban nou\u00e9 d&rsquo;o\u00f9 partent les branchages. La colombe est t\u00eate en bas vers sa droite.<\/div>\n<div dir=\"auto\">Voyez aussi pour la fabrication notre photo du dos.<\/div>\n<div dir=\"auto\"><img loading=\"lazy\" decoding=\"async\" class=\"aligncenter size-full wp-image-2209\" src=\"http:\/\/cpl14.fr\/wp-content\/uploads\/2017\/07\/20170716_160728.jpg\" alt=\"\" width=\"797\" height=\"697\" srcset=\"https:\/\/cpl14.fr\/wp-content\/uploads\/2017\/07\/20170716_160728.jpg 797w, https:\/\/cpl14.fr\/wp-content\/uploads\/2017\/07\/20170716_160728-300x262.jpg 300w, https:\/\/cpl14.fr\/wp-content\/uploads\/2017\/07\/20170716_160728-768x672.jpg 768w\" sizes=\"auto, (max-width: 797px) 100vw, 797px\" \/><\/div>\n<div dir=\"auto\"><\/div>\n<div dir=\"auto\">Pour en savoir plus sur l&rsquo;origine de ces bijoux qui viennent de l&rsquo;ordre du Saint Esprit (1579) retournez \u00e0 notre bibliographie pr\u00e9c\u00e9dente (la Croix de Rouen) \u00a0: Bijoux et Orf\u00e8vres en haute Normandie&#8230; dans le chapitre consacr\u00e9 \u00e0 ce type de parure, il est dit sa raret\u00e9 dans les inventaires, qui proviendrait en partie au fait qu&rsquo;il co\u00fbtait plus cher ?<\/div>\n<div dir=\"auto\">Nous pensons aussi, personnellement, que la Colombe et le Saint Esprit \u00e9tant symboles de la puret\u00e9, pouvaient faire qu&rsquo;ils soient offerts \u00e0 des enfants ou des jeunes filles.<\/div>\n<div dir=\"auto\">Dans la photo-titre en haut le bijou est pr\u00e9sent\u00e9 \u00a0(comme il se portait avec un ruban noir ) sur une robe de bapt\u00eame en dentelle normande.<\/div>\n<div dir=\"auto\"><img loading=\"lazy\" decoding=\"async\" class=\"aligncenter size-full wp-image-2206\" src=\"http:\/\/cpl14.fr\/wp-content\/uploads\/2017\/07\/20170716_151348.jpg\" alt=\"\" width=\"564\" height=\"1000\" srcset=\"https:\/\/cpl14.fr\/wp-content\/uploads\/2017\/07\/20170716_151348.jpg 564w, https:\/\/cpl14.fr\/wp-content\/uploads\/2017\/07\/20170716_151348-169x300.jpg 169w\" sizes=\"auto, (max-width: 564px) 100vw, 564px\" \/><\/div>\n<div dir=\"auto\">Pas de lien direct entre les 2 objets, simple complicit\u00e9 de pr\u00e9sentation des collectionneurs.<\/div>\n<div dir=\"auto\">\u00c9poque 2e moiti\u00e9 du XIXe si\u00e8cle.<\/div>\n<div dir=\"auto\">Provenance : d&rsquo;un ch\u00e2teau proche d&rsquo;Alen\u00e7on.<\/div>\n<div dir=\"auto\"><\/div>\n<div dir=\"auto\">Pour les deux objets pr\u00e9sent\u00e9s :<\/div>\n<div dir=\"auto\">Collection priv\u00e9e LISIEUX<\/div>\n<div dir=\"auto\"><\/div>\n<div dir=\"auto\">Si ces sujets vous int\u00e9ressent, revenez nous visiter, il y aura d&rsquo;autres objets d&rsquo;art et de tradition de Normandie ou d&rsquo;ailleurs, \u00e0 d\u00e9couvrir.<\/div>\n","protected":false},"excerpt":{"rendered":"<div class=\"mh-excerpt\"><p>Pour faire suite \u00e0 la Croix de Rouen, nous pr\u00e9sentons ici un autre bijou caract\u00e9ristique de la Normandie : \u00a0\u00a0\u00bb Pendentif Saint-Esprit \u00ab\u00a0 Or moul\u00e9, <a class=\"mh-excerpt-more\" href=\"https:\/\/cpl14.fr\/?p=2204\" title=\"Un Saint Esprit\">[&#8230;]<\/a><\/p>\n<\/div>","protected":false},"author":1,"featured_media":2205,"comment_status":"open","ping_status":"open","sticky":false,"template":"","format":"standard","meta":{"footnotes":""},"categories":[12,14],"tags":[94,96,48,95],"class_list":["post-2204","post","type-post","status-publish","format-standard","has-post-thumbnail","hentry","category-la-normandie","category-objets-darts-collections-diverses-et-curiosite","tag-bijou","tag-croix","tag-normandie","tag-or"],"_links":{"self":[{"href":"https:\/\/cpl14.fr\/index.php?rest_route=\/wp\/v2\/posts\/2204","targetHints":{"allow":["GET"]}}],"collection":[{"href":"https:\/\/cpl14.fr\/index.php?rest_route=\/wp\/v2\/posts"}],"about":[{"href":"https:\/\/cpl14.fr\/index.php?rest_route=\/wp\/v2\/types\/post"}],"author":[{"embeddable":true,"href":"https:\/\/cpl14.fr\/index.php?rest_route=\/wp\/v2\/users\/1"}],"replies":[{"embeddable":true,"href":"https:\/\/cpl14.fr\/index.php?rest_route=%2Fwp%2Fv2%2Fcomments&post=2204"}],"version-history":[{"count":2,"href":"https:\/\/cpl14.fr\/index.php?rest_route=\/wp\/v2\/posts\/2204\/revisions"}],"predecessor-version":[{"id":2210,"href":"https:\/\/cpl14.fr\/index.php?rest_route=\/wp\/v2\/posts\/2204\/revisions\/2210"}],"wp:featuredmedia":[{"embeddable":true,"href":"https:\/\/cpl14.fr\/index.php?rest_route=\/wp\/v2\/media\/2205"}],"wp:attachment":[{"href":"https:\/\/cpl14.fr\/index.php?rest_route=%2Fwp%2Fv2%2Fmedia&parent=2204"}],"wp:term":[{"taxonomy":"category","embeddable":true,"href":"https:\/\/cpl14.fr\/index.php?rest_route=%2Fwp%2Fv2%2Fcategories&post=2204"},{"taxonomy":"post_tag","embeddable":true,"href":"https:\/\/cpl14.fr\/index.php?rest_route=%2Fwp%2Fv2%2Ftags&post=2204"}],"curies":[{"name":"wp","href":"https:\/\/api.w.org\/{rel}","templated":true}]}}