{"id":3233,"date":"2018-02-15T13:40:28","date_gmt":"2018-02-15T12:40:28","guid":{"rendered":"http:\/\/cpl14.fr\/?p=3233"},"modified":"2020-04-01T09:44:14","modified_gmt":"2020-04-01T07:44:14","slug":"la-vache-et-le-prisonnier-1-chronique-dun-poilu-prisonnier-de-guerre-entre-1914-et-1918","status":"publish","type":"post","link":"https:\/\/cpl14.fr\/?p=3233","title":{"rendered":"La Vache et Le Prisonnier (1), chronique d&rsquo;un poilu prisonnier de guerre entre 1914 et 1918"},"content":{"rendered":"<p>Cet article tr\u00e8s volumineux sera trait\u00e9 en \u00e9pisodes, voici donc le 1er volet, la pr\u00e9sentation des acteurs:<\/p>\n<p><img loading=\"lazy\" decoding=\"async\" class=\"aligncenter wp-image-3236\" src=\"http:\/\/cpl14.fr\/wp-content\/uploads\/2018\/02\/La_Vache_et_le_Prisonnier-729x1024.jpg\" alt=\"\" width=\"550\" height=\"773\" srcset=\"https:\/\/cpl14.fr\/wp-content\/uploads\/2018\/02\/La_Vache_et_le_Prisonnier-729x1024.jpg 729w, https:\/\/cpl14.fr\/wp-content\/uploads\/2018\/02\/La_Vache_et_le_Prisonnier-214x300.jpg 214w, https:\/\/cpl14.fr\/wp-content\/uploads\/2018\/02\/La_Vache_et_le_Prisonnier-768x1079.jpg 768w, https:\/\/cpl14.fr\/wp-content\/uploads\/2018\/02\/La_Vache_et_le_Prisonnier.jpg 800w\" sizes=\"auto, (max-width: 550px) 100vw, 550px\" \/><\/p>\n<p>Vous avez tous vu le film sorti en salle en d\u00e9cembre 1959, r\u00e9alis\u00e9 par Henri Verneuil, avec Fernandel et sa vache Marguerite qui parcourent l&rsquo;Allemagne pour s&rsquo;\u00e9vader d&rsquo;un camp de prisonniers.<br \/>\nA la diff\u00e9rence que notre action se situe entre le 2 ao\u00fbt 1914 et le 29 juillet 1918, et que Ren\u00e9 Bri\u00e8re, notre h\u00e9ros, ne va pas s&rsquo;\u00e9vader.<br \/>\nAu travers de sa correspondance, nous allons retracer le parcours de captivit\u00e9 d&rsquo;un paysan normand pris dans la tourmente de la Grande Guerre.<br \/>\nNous verrons le syst\u00e8me de fonctionnement de la censure, la vari\u00e9t\u00e9 des cartes postales allemandes en franchise pour les \u00ab\u00a0Kriegsgefangenen\u00a0\u00bb (prisonniers de guerre), les vari\u00e9t\u00e9s des marques de franchise,&#8230; mais aussi, gr\u00e2ce au texte, le courage des femmes de poilus durant ces 4 ann\u00e9es.<\/p>\n<h3><\/h3>\n<h3>Ren\u00e9 BRIERE, fantassin au 74e R\u00e9giment d&rsquo;Infanterie<\/h3>\n<p>Ren\u00e9 Louis Victor BRIERE n\u00e9 \u00e0 Rougemontiers (27) le 4 aout 1889.<br \/>\nIl est donc de la classe 1909 c&rsquo;est \u00e0 dire que c&rsquo;est en 1909, \u00e0 20 ans qu&rsquo;il effectue ses \u00ab\u00a03 jours\u00a0\u00bb, et en 1910 son service militaire au 74e R\u00e9giment d&rsquo;Infanterie \u00e0 Rouen.<\/p>\n<p><img loading=\"lazy\" decoding=\"async\" class=\"size-full wp-image-3238 aligncenter\" src=\"http:\/\/cpl14.fr\/wp-content\/uploads\/2018\/02\/caserne-74RI.jpg\" alt=\"\" width=\"800\" height=\"509\" srcset=\"https:\/\/cpl14.fr\/wp-content\/uploads\/2018\/02\/caserne-74RI.jpg 800w, https:\/\/cpl14.fr\/wp-content\/uploads\/2018\/02\/caserne-74RI-300x191.jpg 300w, https:\/\/cpl14.fr\/wp-content\/uploads\/2018\/02\/caserne-74RI-768x489.jpg 768w\" sizes=\"auto, (max-width: 800px) 100vw, 800px\" \/><\/p>\n<p style=\"text-align: center;\">La caserne Pelissier \u00e0 Rouen, o\u00f9 est bas\u00e9 le 74e R.I (image contemporaine du service militaire de Ren\u00e9)<br \/>\n<em>http:\/\/www.verney-grandeguerre.com<\/em><\/p>\n<p>Le service est alors de 2 ans, il est incorpor\u00e9 le 5 octobre 1910 et lib\u00e9r\u00e9 le 25 septembre 1912 <span style=\"color: #ff0000;\">(4)<\/span>.<br \/>\nSa fiche matricule porte le n\u00b0590 <span style=\"color: #ff0000;\">(1)<\/span>.<br \/>\nIl mesure 1,66m, a les cheveux bruns et les yeux gris, un visage ovale avec un nez moyen, un menton rond et une grande bouche<span style=\"color: #ff0000;\"> (2)<\/span> .<br \/>\nIl a un degr\u00e9 d&rsquo;instruction de niveau 2, c&rsquo;est \u00e0 dire qu&rsquo;il sait lire et \u00e9crire (l&rsquo;orthographe n&rsquo;est pas son fort, comme nous pourrons le voir dans sa correspondance), mais il ne maitrise pas le calcul suivant le bar\u00e8me militaire&#8230; \u00e9tonnant pour un paysan normand, de plus propri\u00e9taire terrien! Peut-\u00eatre est-ce son \u00e9pouse qui g\u00e8re les comptes? Il s&rsquo;est mari\u00e9 le 30 juin 1910, avant son service <span style=\"color: #ff0000;\">(3)<\/span>.<\/p>\n<p><img loading=\"lazy\" decoding=\"async\" class=\"aligncenter size-full wp-image-3237\" src=\"http:\/\/cpl14.fr\/wp-content\/uploads\/2018\/02\/matricule-2.png\" alt=\"\" width=\"551\" height=\"734\" srcset=\"https:\/\/cpl14.fr\/wp-content\/uploads\/2018\/02\/matricule-2.png 551w, https:\/\/cpl14.fr\/wp-content\/uploads\/2018\/02\/matricule-2-225x300.png 225w\" sizes=\"auto, (max-width: 551px) 100vw, 551px\" \/><\/p>\n<p style=\"text-align: center;\">fiche matricule militaire de Ren\u00e9 Bri\u00e8re (archives d\u00e9partementales de l&rsquo;Eure, Evreux)<\/p>\n<p>Il est mobilis\u00e9 le 2 ao\u00fbt 1914 au 74e R.I. , mais sa guerre sera de courte dur\u00e9e.<br \/>\nLe 21 ao\u00fbt, il est port\u00e9 disparu \u00e0 Farciennes, dans la banlieue de Charleroi (Belgique), puis enregistr\u00e9 comme prisonnier de guerre en Allemagne<span style=\"color: #ff0000;\"> (5)<\/span>.<br \/>\nIl est rapatri\u00e9 le 29 juillet 1918, r\u00e9incorpor\u00e9 le 30 septembre 1918, il passe par les 50e, 74e et 24e R\u00e9giment d&rsquo;Infanterie, il est finalement lib\u00e9r\u00e9 le 24 juillet 1919 <span style=\"color: #ff0000;\">(6)<\/span>, vers\u00e9 dans la r\u00e9serve du 129e R.I.<\/p>\n<p><img loading=\"lazy\" decoding=\"async\" class=\"aligncenter size-full wp-image-3239\" src=\"http:\/\/cpl14.fr\/wp-content\/uploads\/2018\/02\/renfort-fin-1914.jpg\" alt=\"\" width=\"800\" height=\"518\" srcset=\"https:\/\/cpl14.fr\/wp-content\/uploads\/2018\/02\/renfort-fin-1914.jpg 800w, https:\/\/cpl14.fr\/wp-content\/uploads\/2018\/02\/renfort-fin-1914-300x194.jpg 300w, https:\/\/cpl14.fr\/wp-content\/uploads\/2018\/02\/renfort-fin-1914-768x497.jpg 768w\" sizes=\"auto, (max-width: 800px) 100vw, 800px\" \/><\/p>\n<p style=\"text-align: center;\">Les renforts qui rejoindront le front en novembre 1914, dans la cour de la caserne Pelissier<br \/>\n<em>http:\/\/74eri.canalblog.com<\/em><\/p>\n<p>&nbsp;<\/p>\n<p>Le 74e R.I. est mobilis\u00e9 le 2 ao\u00fbt 1914. Le 6, il est \u00e0 Poix-Terron, au nord de Reims et fait mouvement vers Charleroi, \u00e0 travers les Ardennes du 7 au 20 ao\u00fbt (Bataille des Fronti\u00e8res).<br \/>\nLe 21 ao\u00fbt, les 7e et 8e compagnies sont refoul\u00e9es par les attaques allemandes, Ren\u00e9 est alors fait prisonnier!<br \/>\nLe lendemain, lors de violents combats, le r\u00e9giment perd 1\/3 des ses effectifs! Ren\u00e9 \u00e9chappe \u00e0 cette catastrophe, il est d\u00e9j\u00e0 en route pour l&rsquo;Allemagne.<br \/>\nLe r\u00e9giment se repliera ensuite sur Thil, \u00e0 la fronti\u00e8re luxembourgeoise, mais c&rsquo;est une autre histoire.<\/p>\n<p><img loading=\"lazy\" decoding=\"async\" class=\"size-full wp-image-3240 aligncenter\" src=\"http:\/\/cpl14.fr\/wp-content\/uploads\/2018\/02\/journal-marche-2.png\" alt=\"\" width=\"674\" height=\"438\" srcset=\"https:\/\/cpl14.fr\/wp-content\/uploads\/2018\/02\/journal-marche-2.png 674w, https:\/\/cpl14.fr\/wp-content\/uploads\/2018\/02\/journal-marche-2-300x195.png 300w\" sizes=\"auto, (max-width: 674px) 100vw, 674px\" \/><\/p>\n<p style=\"text-align: center;\">Journal de Marche du 74e RI 21 ao\u00fbt 1914<br \/>\n<em>http:\/\/www.memoiredeshommes.sga.defense.gouv.fr<\/em><\/p>\n<p>Au cours de sa captivit\u00e9 en Allemagne, Ren\u00e9 aura plusieurs affectations:<\/p>\n<p>-du 21 ao\u00fbt au &#8230;1914(?): convoi de prisonniers \u00e0 travers l&rsquo;Allemagne<br \/>\n-du &#8230;1914(?) \u00e0 juin 1915: camp de Ohrdruf, annexe du camp de Langensalza<\/p>\n<p>-de juin 1915 au 16 avril 1916, il est probablement ouvrier agricole \u00e0 Neukirchen. Une carte est oblit\u00e9r\u00e9e \u00e0 Neukirchen (Ziegenhain, Hesse) le 18 juin et trait\u00e9e par le camp de Ohrdruf.<\/p>\n<p>-le 28 avril 1916, une carte dat\u00e9e de Naussi\u03b2 est trait\u00e9e par le camp de Langensalza, et oblit\u00e9r\u00e9e \u00e0 Langensalza, il est donc ouvrier agricole \u00e0 Naussi\u03b2. Comme il pr\u00e9cise <em>\u00ab\u00a0&#8230;je suis toujours \u00e0 la m\u00eame place&#8230;\u00a0\u00bb\u00a0<\/em>il y est certainement depuis une semaine (il \u00e9crit toutes les semaines).<br \/>\n-\u00e0 partir du 28 avril 1916: il est affect\u00e9 au camp de Cassel, \u00e0 Niederzwehren vers lequel il est \u00e9vacu\u00e9 le 1 mai 1916.<\/p>\n<p><img loading=\"lazy\" decoding=\"async\" class=\"size-full wp-image-3271 aligncenter\" src=\"http:\/\/cpl14.fr\/wp-content\/uploads\/2018\/02\/croix-rouge-2.png\" alt=\"\" width=\"795\" height=\"414\" srcset=\"https:\/\/cpl14.fr\/wp-content\/uploads\/2018\/02\/croix-rouge-2.png 795w, https:\/\/cpl14.fr\/wp-content\/uploads\/2018\/02\/croix-rouge-2-300x156.png 300w, https:\/\/cpl14.fr\/wp-content\/uploads\/2018\/02\/croix-rouge-2-768x400.png 768w\" sizes=\"auto, (max-width: 795px) 100vw, 795px\" \/><\/p>\n<p style=\"text-align: center;\">registre de la Croix Rouge des prisonniers intern\u00e9s en Allemagne<\/p>\n<p>&nbsp;<\/p>\n<p style=\"text-align: center;\"><img loading=\"lazy\" decoding=\"async\" class=\"aligncenter size-full wp-image-3241\" src=\"http:\/\/cpl14.fr\/wp-content\/uploads\/2018\/02\/carte_camps_prisonniers-1.png\" alt=\"\" width=\"475\" height=\"365\" srcset=\"https:\/\/cpl14.fr\/wp-content\/uploads\/2018\/02\/carte_camps_prisonniers-1.png 475w, https:\/\/cpl14.fr\/wp-content\/uploads\/2018\/02\/carte_camps_prisonniers-1-300x231.png 300w, https:\/\/cpl14.fr\/wp-content\/uploads\/2018\/02\/carte_camps_prisonniers-1-80x60.png 80w\" sizes=\"auto, (max-width: 475px) 100vw, 475px\" \/>Carte des camps de prisonniers en Allemagne<br \/>\n<em>http:\/\/www.cheminsdememoire.gouv.fr<\/em><br \/>\nnotez Metz et Strasbourg&#8230; encore en Allemagne \u00e0 cette \u00e9poque, ainsi que la Pologne qui n&rsquo;existe pas encore.<\/p>\n<p>-\u00e0 partir du 26 juin 1916: ouvrier agricole dans une ferme \u00e0 Netze (d\u00e9tachement 2436)<\/p>\n<p><img loading=\"lazy\" decoding=\"async\" class=\"aligncenter size-large wp-image-3242\" src=\"http:\/\/cpl14.fr\/wp-content\/uploads\/2018\/02\/T11.5-V-16.7.2-1024x658.jpg\" alt=\"\" width=\"1024\" height=\"658\" srcset=\"https:\/\/cpl14.fr\/wp-content\/uploads\/2018\/02\/T11.5-V-16.7.2-1024x658.jpg 1024w, https:\/\/cpl14.fr\/wp-content\/uploads\/2018\/02\/T11.5-V-16.7.2-300x193.jpg 300w, https:\/\/cpl14.fr\/wp-content\/uploads\/2018\/02\/T11.5-V-16.7.2-768x494.jpg 768w, https:\/\/cpl14.fr\/wp-content\/uploads\/2018\/02\/T11.5-V-16.7.2.jpg 1724w\" sizes=\"auto, (max-width: 1024px) 100vw, 1024px\" \/><\/p>\n<p style=\"text-align: center;\">Carte du 2 juillet 1916 (retouche num\u00e9rique pour permettre la lecture)<\/p>\n<p style=\"text-align: center;\">il annonce ses nouvelles affectations \u00e0 sa femme:<br \/>\n&#8211;<em>5 jours en visite de maisons (?)<\/em> dans la r\u00e9gion de Niederzwehren du 26 juin au 30 juin<br \/>\n-affectation \u00e0 partir du 1 juillet, comme ouvrier agricole \u00e0 Netze dans<\/p>\n<p style=\"text-align: center;\"><em>\u00ab\u00a0&#8230;une petite place, moins de travail, des personnes meilleurs, et plus \u00e0 la mode de chez nous, et je retrouve comme camarades (illisibles) que j&rsquo;ai \u00e9t\u00e9 avec eux , donc ne t&rsquo;inqui\u00e9te plus pour moi&#8230;.\u00a0\u00bb<\/em><\/p>\n<p>-puis \u00e0 partir de fin novembre 1917, il est dans une autre ferme\u00a0(d\u00e9tachement 664, toujours rattach\u00e9 \u00e0 Niederzwehren).<\/p>\n<p><img loading=\"lazy\" decoding=\"async\" class=\"aligncenter size-full wp-image-3305\" src=\"http:\/\/cpl14.fr\/wp-content\/uploads\/2018\/02\/carte_camps_prisonniers-3.png\" alt=\"\" width=\"691\" height=\"358\" srcset=\"https:\/\/cpl14.fr\/wp-content\/uploads\/2018\/02\/carte_camps_prisonniers-3.png 691w, https:\/\/cpl14.fr\/wp-content\/uploads\/2018\/02\/carte_camps_prisonniers-3-300x155.png 300w\" sizes=\"auto, (max-width: 691px) 100vw, 691px\" \/><\/p>\n<p style=\"text-align: center;\">Itin\u00e9raire de Ren\u00e9 au cours de sa captivit\u00e9<\/p>\n<h3>Rachel BINET, propri\u00e9taire, cultivatrice, \u00e9leveuse, chef d&rsquo;entreprise,&#8230;.<\/h3>\n<p>Rachel BINET, \u00e9pouse BRIERE, n\u00e9e le 25 mai 1888 \u00e0 Illeville sur Montfort (27). Elle est la 6e d&rsquo;une fratrie de 15 fr\u00e8res et s\u0153urs!<br \/>\nAu d\u00e9part de son mari pour le front, elle ne devait pas s&rsquo;attendre \u00e0 ce que les 5 ann\u00e9es suivantes soit aussi dures pour elle.<br \/>\nPendant 5 ans, elle assurera les soins des animaux, les naissances des veaux, les semis, la culture et les r\u00e9coltes, les labours, la vente de la production, l&rsquo;achat de nouveaux terrains pour la ferme, et plus encore&#8230; comme en t\u00e9moignent les nouvelles qu&rsquo;elle apporte \u00e0 son mari, et dont ce dernier la f\u00e9licite r\u00e9guli\u00e8rement dans sa correspondance.<br \/>\nIl lui fait m\u00eame une procuration pour g\u00e9rer les achats, car \u00e0 cette \u00e9poque les femmes n&rsquo;ont pas encore le droit de g\u00e9rer, il faudra attendre 1965!<\/p>\n<p>Nous reviendrons plus longuement sur Rachel dans le dernier \u00e9pisode de notre feuilleton.<\/p>\n<p><img loading=\"lazy\" decoding=\"async\" class=\"aligncenter size-full wp-image-3244\" src=\"http:\/\/cpl14.fr\/wp-content\/uploads\/2018\/02\/Routot-Un-jour-de-Marche.jpg\" alt=\"\" width=\"800\" height=\"494\" srcset=\"https:\/\/cpl14.fr\/wp-content\/uploads\/2018\/02\/Routot-Un-jour-de-Marche.jpg 800w, https:\/\/cpl14.fr\/wp-content\/uploads\/2018\/02\/Routot-Un-jour-de-Marche-300x185.jpg 300w, https:\/\/cpl14.fr\/wp-content\/uploads\/2018\/02\/Routot-Un-jour-de-Marche-768x474.jpg 768w\" sizes=\"auto, (max-width: 800px) 100vw, 800px\" \/><\/p>\n<p style=\"text-align: center;\">Rachel et Ren\u00e9 sont propri\u00e9taires \u00e0 Routot<\/p>\n<p>&nbsp;<\/p>\n<p>Premi\u00e8re carte de notre s\u00e9rie, Ren\u00e9 se sert d&rsquo;un \u00ab\u00a0Avis de capture\u00a0\u00bb, carte mise \u00e0 la disposition des prisonniers pour avertir leur famille de leur position.<\/p>\n<p><img loading=\"lazy\" decoding=\"async\" class=\"size-full wp-image-3247 aligncenter\" src=\"http:\/\/cpl14.fr\/wp-content\/uploads\/2018\/02\/T1.1-V.jpg\" alt=\"\" width=\"800\" height=\"534\" srcset=\"https:\/\/cpl14.fr\/wp-content\/uploads\/2018\/02\/T1.1-V.jpg 800w, https:\/\/cpl14.fr\/wp-content\/uploads\/2018\/02\/T1.1-V-300x200.jpg 300w, https:\/\/cpl14.fr\/wp-content\/uploads\/2018\/02\/T1.1-V-768x513.jpg 768w\" sizes=\"auto, (max-width: 800px) 100vw, 800px\" \/><\/p>\n<p style=\"text-align: center;\">29 d\u00e9cembre 1915, Ren\u00e9 \u00e9crit \u00e0 Rachel<\/p>\n<p>Mais comme le confirme le texte,\u00a0<em>\u00ab\u00a0&#8230;j&rsquo;ai re\u00e7u tes lettres du 8 et 12 d\u00e9cembre&#8230;\u00a0\u00bb, <\/em>il est d\u00e9j\u00e0 en liaison avec sa femme depuis quelques temps.<\/p>\n<p><img loading=\"lazy\" decoding=\"async\" class=\"aligncenter size-full wp-image-3246\" src=\"http:\/\/cpl14.fr\/wp-content\/uploads\/2018\/02\/T1.1-R-14.12.29-Ohrdruf-1.jpg\" alt=\"\" width=\"800\" height=\"527\" srcset=\"https:\/\/cpl14.fr\/wp-content\/uploads\/2018\/02\/T1.1-R-14.12.29-Ohrdruf-1.jpg 800w, https:\/\/cpl14.fr\/wp-content\/uploads\/2018\/02\/T1.1-R-14.12.29-Ohrdruf-1-300x198.jpg 300w, https:\/\/cpl14.fr\/wp-content\/uploads\/2018\/02\/T1.1-R-14.12.29-Ohrdruf-1-768x506.jpg 768w\" sizes=\"auto, (max-width: 800px) 100vw, 800px\" \/><\/p>\n<p>Au recto, nous avons beaucoup d&rsquo;informations:<\/p>\n<p>-Le cachet de franchise du Camp de Ohrdruf<\/p>\n<p>-une griffe de censure<\/p>\n<p>-le timbre \u00e0 date de la poste civile de Ohrdruf, dat\u00e9 du 9 janvier 1915<\/p>\n<p>-le timbre \u00e0 date de distribution de Routot, dat\u00e9 du 26 janvier 1915<\/p>\n<p style=\"text-align: right;\"><a href=\"http:\/\/cpl14.fr\/?p=3249\">La suite au prochain \u00e9pisode&#8230;<\/a><\/p>\n<p>&nbsp;<\/p>\n<p>&nbsp;<\/p>\n<p>&nbsp;<\/p>\n<p>&nbsp;<\/p>\n","protected":false},"excerpt":{"rendered":"<div class=\"mh-excerpt\"><p>Cet article tr\u00e8s volumineux sera trait\u00e9 en \u00e9pisodes, voici donc le 1er volet, la pr\u00e9sentation des acteurs: Vous avez tous vu le film sorti en <a class=\"mh-excerpt-more\" href=\"https:\/\/cpl14.fr\/?p=3233\" title=\"La Vache et Le Prisonnier (1), chronique d&rsquo;un poilu prisonnier de guerre entre 1914 et 1918\">[&#8230;]<\/a><\/p>\n<\/div>","protected":false},"author":1,"featured_media":3234,"comment_status":"open","ping_status":"open","sticky":false,"template":"","format":"standard","meta":{"footnotes":""},"categories":[16,17],"tags":[166,168,163,164,170,169,167,165],"class_list":["post-3233","post","type-post","status-publish","format-standard","has-post-thumbnail","hentry","category-cartes-postales","category-histoire-postale-et-marcophilie","tag-allemagne","tag-cassel","tag-censure","tag-feldpost","tag-langensalza","tag-niederzwehren","tag-ohrdruf","tag-prisonnier"],"_links":{"self":[{"href":"https:\/\/cpl14.fr\/index.php?rest_route=\/wp\/v2\/posts\/3233","targetHints":{"allow":["GET"]}}],"collection":[{"href":"https:\/\/cpl14.fr\/index.php?rest_route=\/wp\/v2\/posts"}],"about":[{"href":"https:\/\/cpl14.fr\/index.php?rest_route=\/wp\/v2\/types\/post"}],"author":[{"embeddable":true,"href":"https:\/\/cpl14.fr\/index.php?rest_route=\/wp\/v2\/users\/1"}],"replies":[{"embeddable":true,"href":"https:\/\/cpl14.fr\/index.php?rest_route=%2Fwp%2Fv2%2Fcomments&post=3233"}],"version-history":[{"count":8,"href":"https:\/\/cpl14.fr\/index.php?rest_route=\/wp\/v2\/posts\/3233\/revisions"}],"predecessor-version":[{"id":6793,"href":"https:\/\/cpl14.fr\/index.php?rest_route=\/wp\/v2\/posts\/3233\/revisions\/6793"}],"wp:featuredmedia":[{"embeddable":true,"href":"https:\/\/cpl14.fr\/index.php?rest_route=\/wp\/v2\/media\/3234"}],"wp:attachment":[{"href":"https:\/\/cpl14.fr\/index.php?rest_route=%2Fwp%2Fv2%2Fmedia&parent=3233"}],"wp:term":[{"taxonomy":"category","embeddable":true,"href":"https:\/\/cpl14.fr\/index.php?rest_route=%2Fwp%2Fv2%2Fcategories&post=3233"},{"taxonomy":"post_tag","embeddable":true,"href":"https:\/\/cpl14.fr\/index.php?rest_route=%2Fwp%2Fv2%2Ftags&post=3233"}],"curies":[{"name":"wp","href":"https:\/\/api.w.org\/{rel}","templated":true}]}}