{"id":3249,"date":"2018-02-16T14:56:34","date_gmt":"2018-02-16T13:56:34","guid":{"rendered":"http:\/\/cpl14.fr\/?p=3249"},"modified":"2020-04-01T09:45:17","modified_gmt":"2020-04-01T07:45:17","slug":"la-vache-et-le-prisonnier-2-la-feld-post-pour-les-prisonniers-de-guerre","status":"publish","type":"post","link":"https:\/\/cpl14.fr\/?p=3249","title":{"rendered":"La Vache et Le Prisonnier (2),  la Feld-Post pour les prisonniers de guerre"},"content":{"rendered":"<p>Pour commencer, un petit lexique Allemand\/Fran\u00e7ais:<\/p>\n<p style=\"text-align: left;\"><em>Feld-Post = poste militaire (litteralement: poste de campagne)<\/em><\/p>\n<p style=\"text-align: left;\"><em>Feld-postkarte = carte en franchise militaire<\/em><\/p>\n<p style=\"text-align: left;\"><em>Krieg = guerre<\/em><\/p>\n<p style=\"text-align: left;\"><em>Gefangenen =\u00a0 prisonnier<\/em><\/p>\n<p style=\"text-align: left;\"><em>Kriegsgefangenen = prisonniers de guerre<\/em><\/p>\n<p style=\"text-align: left;\"><em>Kriegsgefangenen-sendung = courrier de prisonniers de guerre (litt\u00e9ralement: envoi de prisonnier de guerre)<\/em><\/p>\n<p style=\"text-align: left;\"><em>Gefangenen-lagers = camp de prisonniers<\/em><\/p>\n<p style=\"text-align: left;\"><em>Kriegsgefangenen-lager (s) = camp (s) de prisonniers de guerre<\/em><\/p>\n<p style=\"text-align: left;\"><em>Truppen-\u00fcbungsplatzes = champ de man\u0153uvre (litt\u00e9ralement: zone de pratique des troupes)<\/em><\/p>\n<p style=\"text-align: left;\"><em>Kommandantur = bureau du commandement<\/em><\/p>\n<p><em>Brief-Stampel = cachet (ou tampon) pour lettre\u00a0<\/em><\/p>\n<p style=\"text-align: left;\"><em>Gepr\u00fcft = censure (litt\u00e9ralement: contr\u00f4l\u00e9)<\/em><\/p>\n<p style=\"text-align: left;\"><em>Postpr\u00fcfungsstelle = bureau de poste<\/em><\/p>\n<p>&nbsp;<\/p>\n<p>Il faut noter en pr\u00e9ambule que l&rsquo;administration des postes allemandes diff\u00e9re un peu de l&rsquo;administration fran\u00e7aise par le fait que l&rsquo;Allemagne est alors un empire. Il y a 3 administrations postales: -la Reichpost Prussienne, -la Poste Royale Bavaroise, -La Poste Royale W\u00fcrtemburgeoise.<br \/>\nCe sont des fonctionnaires de ces 3 administrations qui assurent la Feldpost, et ils sont consid\u00e9r\u00e9s comme militaires par la convention de La Haye, portent l&rsquo;uniforme et sont arm\u00e9s. Si ils sont faits prisonniers, ils sont consid\u00e9r\u00e9s comme militaires \u00e0 part enti\u00e8re.<\/p>\n<p>Le courrier des prisonniers de guerre est g\u00e9r\u00e9 par la Feldpost.<br \/>\nChaque camp dispose d&rsquo;un vaguemestre, comme pour une unit\u00e9 militaire, qui assure la collecte du courrier sortant et la distribution du courrier entrant.<br \/>\nIl appose sur le courrier sortant sa marque de contr\u00f4le assurant la franchise. Il existe donc \u00e9norm\u00e9ment de marques car chaque camp a eu entre 5 et 10 cachets diff\u00e9rents, et il y a eu pr\u00e9s de 700 camps de prisonniers.<\/p>\n<p><img loading=\"lazy\" decoding=\"async\" class=\"aligncenter wp-image-3250\" src=\"http:\/\/cpl14.fr\/wp-content\/uploads\/2018\/02\/marque-A.jpg\" alt=\"\" width=\"550\" height=\"250\" srcset=\"https:\/\/cpl14.fr\/wp-content\/uploads\/2018\/02\/marque-A.jpg 815w, https:\/\/cpl14.fr\/wp-content\/uploads\/2018\/02\/marque-A-300x137.jpg 300w, https:\/\/cpl14.fr\/wp-content\/uploads\/2018\/02\/marque-A-768x350.jpg 768w\" sizes=\"auto, (max-width: 550px) 100vw, 550px\" \/><\/p>\n<p style=\"text-align: center;\">1 \u00a0 \u00a0 \u00a0 \u00a0 \u00a0 \u00a0 \u00a0 \u00a0 \u00a0 \u00a0 \u00a0 \u00a0 \u00a0 \u00a0 \u00a0 \u00a0 \u00a0 \u00a0 \u00a0 \u00a0 \u00a0 \u00a0 \u00a0 \u00a0 \u00a0 \u00a0 \u00a0 \u00a0 \u00a0 \u00a0 \u00a0 \u00a0 \u00a0 \u00a0 \u00a0 \u00a0 \u00a0 \u00a0 \u00a0 \u00a0\u00a0 2<\/p>\n<p><img loading=\"lazy\" decoding=\"async\" class=\"aligncenter wp-image-3251\" src=\"http:\/\/cpl14.fr\/wp-content\/uploads\/2018\/02\/marque-B.jpg\" alt=\"\" width=\"552\" height=\"239\" srcset=\"https:\/\/cpl14.fr\/wp-content\/uploads\/2018\/02\/marque-B.jpg 921w, https:\/\/cpl14.fr\/wp-content\/uploads\/2018\/02\/marque-B-300x130.jpg 300w, https:\/\/cpl14.fr\/wp-content\/uploads\/2018\/02\/marque-B-768x333.jpg 768w\" sizes=\"auto, (max-width: 552px) 100vw, 552px\" \/><\/p>\n<p style=\"text-align: center;\">3 \u00a0 \u00a0 \u00a0 \u00a0 \u00a0 \u00a0 \u00a0 \u00a0 \u00a0 \u00a0 \u00a0 \u00a0 \u00a0 \u00a0 \u00a0 \u00a0 \u00a0 \u00a0 \u00a0 \u00a0 \u00a0 \u00a0 \u00a0 \u00a0 \u00a0 \u00a0 \u00a0 \u00a0 \u00a0 \u00a0 \u00a0 \u00a0 \u00a0 \u00a0 \u00a0 \u00a0 \u00a0 \u00a0 \u00a0 \u00a0 \u00a0\u00a0 4<\/p>\n<p>1: marque carr\u00e9e <strong>orn\u00e9e<\/strong> du camp de Gardelegen, novembre 1915 : <em>Kommandantur des kriegsgefangenenlagers\/Gardelegen\u00a0<\/em>(commandement du camp de prisonniers de guerre)<\/p>\n<p>2: marque ronde\u00a0<strong>orn\u00e9e<\/strong> du camp de Gardelegen, septembre 1915 : -idem-<\/p>\n<p>3:\u00a0marque ronde <em>Brief-Stampel<\/em> du camp de Ohrdruf, d\u00e9cembre 1914 :\u00a0<em>Kommandantur des Gefangenen-Lagers\/des Truppen-\u00fcbungsplatzes Ohrdruf\u00a0<\/em>(commandement du camp de prisonniers \/ du champ de man\u0153uvres Ohrdruf)<\/p>\n<p>4: marque ronde <em>Brief-Stampel<\/em> du camp de Langensalza, juin 1916 : <em>Kommandantur d. Kriegs-Gefangenen-Lagers\/Langensalza<\/em> (commandement du camp de prisonniers de guerre \/ Langensalza)<\/p>\n<p>&nbsp;<\/p>\n<p>Le camp dispose \u00e9galement d&rsquo;un bureau de censure&#8230;Le courrier passe donc ensuite dans les mains des censeurs pour contr\u00f4ler le texte. La censure est syst\u00e9matique, aucun courrier ne sort ou ne rentre sans la marque du censeur. Ces marques portent la mention \u00ab\u00a0Gepr\u00fcft\u00a0\u00bb (Contr\u00f4l\u00e9).<\/p>\n<p><img loading=\"lazy\" decoding=\"async\" class=\"aligncenter wp-image-3256\" src=\"http:\/\/cpl14.fr\/wp-content\/uploads\/2018\/02\/censure-neutre.jpg\" alt=\"\" width=\"500\" height=\"145\" srcset=\"https:\/\/cpl14.fr\/wp-content\/uploads\/2018\/02\/censure-neutre.jpg 679w, https:\/\/cpl14.fr\/wp-content\/uploads\/2018\/02\/censure-neutre-300x87.jpg 300w, https:\/\/cpl14.fr\/wp-content\/uploads\/2018\/02\/censure-neutre-678x197.jpg 678w\" sizes=\"auto, (max-width: 500px) 100vw, 500px\" \/><\/p>\n<p style=\"text-align: center;\">Ces marques de censure sont \u00e9galement tr\u00e8s nombreuses et tr\u00e8s vari\u00e9es.<\/p>\n<p>&nbsp;<\/p>\n<p>La derni\u00e8re \u00e9tape est le \u00ab\u00a0Frist Abgelaufen\u00a0\u00bb&#8230; le d\u00e9lai de s\u00e9curit\u00e9 appliqu\u00e9 syst\u00e9matiquement aux courriers sortants afin de ne transmettre \u00e0 l&rsquo;ennemi que des informations d\u00e9j\u00e0 anciennes! Ce d\u00e9lai est suivant C. Deloste de quinze \u00e0 vingt jours, mais nous constatons qu&rsquo;il peut n&rsquo;\u00eatre que de 9 jours:<\/p>\n<p style=\"text-align: center;\"><img loading=\"lazy\" decoding=\"async\" class=\"aligncenter size-full wp-image-3258\" src=\"http:\/\/cpl14.fr\/wp-content\/uploads\/2018\/02\/T2-R-15.2.2-Ohrdruf.jpg\" alt=\"\" width=\"800\" height=\"523\" srcset=\"https:\/\/cpl14.fr\/wp-content\/uploads\/2018\/02\/T2-R-15.2.2-Ohrdruf.jpg 800w, https:\/\/cpl14.fr\/wp-content\/uploads\/2018\/02\/T2-R-15.2.2-Ohrdruf-300x196.jpg 300w, https:\/\/cpl14.fr\/wp-content\/uploads\/2018\/02\/T2-R-15.2.2-Ohrdruf-768x502.jpg 768w\" sizes=\"auto, (max-width: 800px) 100vw, 800px\" \/>Carte \u00e9crite le 2 f\u00e9vrier 1915,\u00a0TAD civil de Ohrdruf du 10 f\u00e9vrier donc\u00a0\u00ab\u00a0Frist Abgelaufen\u00a0\u00bb de 9 jours<\/p>\n<p>et atteindre 31 jours:<\/p>\n<p style=\"text-align: center;\"><img loading=\"lazy\" decoding=\"async\" class=\"aligncenter size-full wp-image-3259\" src=\"http:\/\/cpl14.fr\/wp-content\/uploads\/2018\/02\/T11.3-R-16.12.10-Netze.jpg\" alt=\"\" width=\"800\" height=\"531\" srcset=\"https:\/\/cpl14.fr\/wp-content\/uploads\/2018\/02\/T11.3-R-16.12.10-Netze.jpg 800w, https:\/\/cpl14.fr\/wp-content\/uploads\/2018\/02\/T11.3-R-16.12.10-Netze-300x199.jpg 300w, https:\/\/cpl14.fr\/wp-content\/uploads\/2018\/02\/T11.3-R-16.12.10-Netze-768x510.jpg 768w\" sizes=\"auto, (max-width: 800px) 100vw, 800px\" \/>Carte \u00e9crite le 10 d\u00e9cembre 1916, entr\u00e9e dans le service le 12 d\u00e9cembre, TAD civil de Niederzwehren du 11 janvier donc \u00ab\u00a0Frist Abgelaufen\u00a0\u00bb de 31 jours<\/p>\n<p>&nbsp;<\/p>\n<p>Le \u00ab\u00a0Frist Abgelaufen\u00a0\u00bb est symbolis\u00e9 par les lettres F.A. ou F.a. soit isol\u00e9es (petit cachet rond),<\/p>\n<p><img loading=\"lazy\" decoding=\"async\" class=\"aligncenter wp-image-3260\" src=\"http:\/\/cpl14.fr\/wp-content\/uploads\/2018\/02\/Fa.jpg\" alt=\"\" width=\"500\" height=\"209\" srcset=\"https:\/\/cpl14.fr\/wp-content\/uploads\/2018\/02\/Fa.jpg 622w, https:\/\/cpl14.fr\/wp-content\/uploads\/2018\/02\/Fa-300x125.jpg 300w\" sizes=\"auto, (max-width: 500px) 100vw, 500px\" \/><\/p>\n<p>soit int\u00e9gr\u00e9 \u00e0 la marque de censure,<\/p>\n<p><img loading=\"lazy\" decoding=\"async\" class=\"aligncenter size-large wp-image-3261\" src=\"http:\/\/cpl14.fr\/wp-content\/uploads\/2018\/02\/Fa-dans-gepruft-1024x451.jpg\" alt=\"\" width=\"1024\" height=\"451\" srcset=\"https:\/\/cpl14.fr\/wp-content\/uploads\/2018\/02\/Fa-dans-gepruft-1024x451.jpg 1024w, https:\/\/cpl14.fr\/wp-content\/uploads\/2018\/02\/Fa-dans-gepruft-300x132.jpg 300w, https:\/\/cpl14.fr\/wp-content\/uploads\/2018\/02\/Fa-dans-gepruft-768x338.jpg 768w, https:\/\/cpl14.fr\/wp-content\/uploads\/2018\/02\/Fa-dans-gepruft.jpg 1244w\" sizes=\"auto, (max-width: 1024px) 100vw, 1024px\" \/><\/p>\n<p>Cela d\u00e9pend du moment o\u00f9 est exerc\u00e9e la censure:<br \/>\n&#8211; en d\u00e9but de \u00ab\u00a0F.a.\u00a0\u00bb, on a uniquement le \u00ab\u00a0Gepr\u00fcft\u00a0\u00bb, le \u00ab\u00a0F.a.\u00a0\u00bb est appliqu\u00e9 \u00e0 la fin du d\u00e9lai<br \/>\n&#8211; en fin de \u00ab\u00a0F.a.\u00a0\u00bb, on peut avoir un cachet cumulant les 2 indications<br \/>\nAu terme du \u00ab\u00a0F.a.\u00a0\u00bb, le courrier est transmis \u00e0 la poste civile pour acheminement, on a donc parfois en plus le timbre \u00e0 date du bureau civil.<\/p>\n<p>Lors de son entr\u00e9e dans le service, le courrier passe par un composteur \u00e0 date (vu \u00e0 partir d&rsquo;ao\u00fbt 1915 \u00e0 Ohrdruf). Cette date permet de v\u00e9rifier le d\u00e9lai de s\u00e9curit\u00e9.<\/p>\n<p><img loading=\"lazy\" decoding=\"async\" class=\"aligncenter size-full wp-image-3262\" src=\"http:\/\/cpl14.fr\/wp-content\/uploads\/2018\/02\/dateur-FA.jpg\" alt=\"\" width=\"396\" height=\"90\" srcset=\"https:\/\/cpl14.fr\/wp-content\/uploads\/2018\/02\/dateur-FA.jpg 396w, https:\/\/cpl14.fr\/wp-content\/uploads\/2018\/02\/dateur-FA-300x68.jpg 300w\" sizes=\"auto, (max-width: 396px) 100vw, 396px\" \/><\/p>\n<p>&nbsp;<\/p>\n<p><img loading=\"lazy\" decoding=\"async\" class=\"aligncenter wp-image-3263\" src=\"http:\/\/cpl14.fr\/wp-content\/uploads\/2018\/02\/dateur-FA-2.jpg\" alt=\"\" width=\"600\" height=\"192\" srcset=\"https:\/\/cpl14.fr\/wp-content\/uploads\/2018\/02\/dateur-FA-2.jpg 913w, https:\/\/cpl14.fr\/wp-content\/uploads\/2018\/02\/dateur-FA-2-300x96.jpg 300w, https:\/\/cpl14.fr\/wp-content\/uploads\/2018\/02\/dateur-FA-2-768x246.jpg 768w\" sizes=\"auto, (max-width: 600px) 100vw, 600px\" \/><\/p>\n<p style=\"text-align: center;\">Dateur F.a. de Cassel du 17 avril 1918 et OMEC de Cassel du 30 avril 1918: F.a de 13 jours<\/p>\n<p>Le D\u00e9lai F.a. sert parfois aussi de moyen de sanction, ou de r\u00e9pression :<\/p>\n<p><img loading=\"lazy\" decoding=\"async\" class=\"aligncenter size-full wp-image-3264\" src=\"http:\/\/cpl14.fr\/wp-content\/uploads\/2018\/02\/T10.3bis-V2-16.5.19.jpg\" alt=\"\" width=\"800\" height=\"534\" srcset=\"https:\/\/cpl14.fr\/wp-content\/uploads\/2018\/02\/T10.3bis-V2-16.5.19.jpg 800w, https:\/\/cpl14.fr\/wp-content\/uploads\/2018\/02\/T10.3bis-V2-16.5.19-300x200.jpg 300w, https:\/\/cpl14.fr\/wp-content\/uploads\/2018\/02\/T10.3bis-V2-16.5.19-768x513.jpg 768w\" sizes=\"auto, (max-width: 800px) 100vw, 800px\" \/><\/p>\n<p style=\"text-align: left;\">le 19 mai 1916, Ren\u00e9 \u00e9crit: <em>\u00ab\u00a0&#8230;aussi je t&rsquo;averti nous allons peut-\u00eatre \u00eatre un mois sans correspondre vu toujours le m\u00eame bruit que vous devez conna\u00eetre tous en France, les prisonniers au Dahomey&#8230;\u00a0\u00bb,\u00a0<\/em>et il ajoute entre les lignes: \u00ab\u00a0<em>les repr\u00e9sailles sont termin\u00e9es<\/em>\u00ab\u00a0<\/p>\n<p>Les marques \u00ab\u00a0FA\u00a0\u00bb ou \u00ab\u00a0Gepr\u00fcft + FA\u00a0\u00bb sont \u00e9galement tr\u00e8s nombreuses et tr\u00e8s vari\u00e9es.<\/p>\n<p>Les prisonniers ont th\u00e9oriquement l&rsquo;autorisation d&rsquo;envoyer 2 lettres et 4 cartes-postales par mois&#8230; sauf restrictions (punitions) fr\u00e9quentes!<\/p>\n<p>Cela entraine une gestion s\u00e9v\u00e8re des courriers pour le prisonnier. Ren\u00e9 privil\u00e9gie les lettres et cartes \u00e0 son \u00e9pouse (2 lettres probables que nous n&rsquo;avons pas mais auxquelles il fait r\u00e9f\u00e9rence dans ses cartes, et 2 cartes), les 2 autres cartes servent \u00e0 r\u00e9pondre aux amis qui lui \u00e9crivent. Aussi, pour les v\u0153ux du 1er janvier&#8230;<\/p>\n<p><img loading=\"lazy\" decoding=\"async\" class=\"aligncenter size-full wp-image-3265\" src=\"http:\/\/cpl14.fr\/wp-content\/uploads\/2018\/02\/T11.4-V2-17.1.7.jpg\" alt=\"\" width=\"800\" height=\"518\" srcset=\"https:\/\/cpl14.fr\/wp-content\/uploads\/2018\/02\/T11.4-V2-17.1.7.jpg 800w, https:\/\/cpl14.fr\/wp-content\/uploads\/2018\/02\/T11.4-V2-17.1.7-300x194.jpg 300w, https:\/\/cpl14.fr\/wp-content\/uploads\/2018\/02\/T11.4-V2-17.1.7-768x497.jpg 768w\" sizes=\"auto, (max-width: 800px) 100vw, 800px\" \/><\/p>\n<p style=\"text-align: center;\">carte du 7 janvier 1917: <em>\u00ab\u00a0&#8230;souhaite bien des choses \u00e0 tout les parents et amis pour moi car je ne peux \u00e9crir \u00e0 tout le monde&#8230;\u00a0\u00bb<\/em><\/p>\n<p>&nbsp;<\/p>\n<p>Lorsque le camp est important, il peut avoir son propre bureau de poste, le courrier passe ensuite \u00e0 la poste civil par sacs entiers, sans \u00eatre oblit\u00e9r\u00e9 par la poste civile.<\/p>\n<p><img loading=\"lazy\" decoding=\"async\" class=\"aligncenter wp-image-3266\" src=\"http:\/\/cpl14.fr\/wp-content\/uploads\/2018\/02\/bureau-Ohrdruf.jpg\" alt=\"\" width=\"349\" height=\"351\" srcset=\"https:\/\/cpl14.fr\/wp-content\/uploads\/2018\/02\/bureau-Ohrdruf.jpg 380w, https:\/\/cpl14.fr\/wp-content\/uploads\/2018\/02\/bureau-Ohrdruf-150x150.jpg 150w, https:\/\/cpl14.fr\/wp-content\/uploads\/2018\/02\/bureau-Ohrdruf-298x300.jpg 298w\" sizes=\"auto, (max-width: 349px) 100vw, 349px\" \/><\/p>\n<p style=\"text-align: center;\">marque de Ohrdruf de novembre 1915<\/p>\n<p style=\"text-align: center;\"><em>Postpr\u00fcfungsstelle\/der Kommandantur des Gefangenenlagers Ohrdruf\/\u00a0<\/em><br \/>\n<em>Gepr\u00fcft<\/em><br \/>\n<em>F.a.<\/em><\/p>\n<p style=\"text-align: center;\">Bureau de poste\/du Commandement du Camp de prisonniers de Ohrdruf<br \/>\nContr\u00f4l\u00e9<br \/>\nD\u00e9lai expir\u00e9<\/p>\n<p>&nbsp;<\/p>\n<p><img loading=\"lazy\" decoding=\"async\" class=\"size-full wp-image-3267 aligncenter\" src=\"http:\/\/cpl14.fr\/wp-content\/uploads\/2018\/02\/T6.2-R-15.11.21-Ohrdruf.jpg\" alt=\"\" width=\"800\" height=\"534\" srcset=\"https:\/\/cpl14.fr\/wp-content\/uploads\/2018\/02\/T6.2-R-15.11.21-Ohrdruf.jpg 800w, https:\/\/cpl14.fr\/wp-content\/uploads\/2018\/02\/T6.2-R-15.11.21-Ohrdruf-300x200.jpg 300w, https:\/\/cpl14.fr\/wp-content\/uploads\/2018\/02\/T6.2-R-15.11.21-Ohrdruf-768x513.jpg 768w\" sizes=\"auto, (max-width: 800px) 100vw, 800px\" \/><\/p>\n<p style=\"text-align: center;\">carte \u00e9crite le 21 novembre 1915, entr\u00e9e dans le service le 24 novembre<\/p>\n<p style=\"text-align: center;\">sortie du service avec Gepr\u00fcft et F.a., et exp\u00e9di\u00e9e directement<\/p>\n<p style=\"text-align: center;\">distribu\u00e9e \u00e0 Routot le 13 (d\u00e9cembre 1915?)<\/p>\n<p>&nbsp;<\/p>\n<p>Mais certain camps annexes bien qu&rsquo;ayant leur bureau font quand m\u00eame passer le courrier par la poste civile! C&rsquo;est le cas du camp de Cassel-Niederzwierhen:<\/p>\n<p><img loading=\"lazy\" decoding=\"async\" class=\"aligncenter size-full wp-image-3268\" src=\"http:\/\/cpl14.fr\/wp-content\/uploads\/2018\/02\/T10.4-R-16.7.2-Cassel-Netze.jpg\" alt=\"\" width=\"800\" height=\"525\" srcset=\"https:\/\/cpl14.fr\/wp-content\/uploads\/2018\/02\/T10.4-R-16.7.2-Cassel-Netze.jpg 800w, https:\/\/cpl14.fr\/wp-content\/uploads\/2018\/02\/T10.4-R-16.7.2-Cassel-Netze-300x197.jpg 300w, https:\/\/cpl14.fr\/wp-content\/uploads\/2018\/02\/T10.4-R-16.7.2-Cassel-Netze-768x504.jpg 768w\" sizes=\"auto, (max-width: 800px) 100vw, 800px\" \/><\/p>\n<p style=\"text-align: center;\">carte \u00e9crite le 2 juillet 1916, de Nietze (Kommando), pass\u00e9e en censure \u00e0\u00a0Cassel-Niederzwierhen,<\/p>\n<p style=\"text-align: center;\">F.a. (+ Gepr\u00fcft) de\u00a0Cassel-Niederzwierhen, et TAD de poste civile de\u00a0Niederzwierhen du 14 juillet<\/p>\n<p style=\"text-align: center;\">distribu\u00e9e \u00e0 Routot le 22 juillet 1916<\/p>\n<p>&nbsp;<\/p>\n<p>La Feld-Post, c&rsquo;est aussi les colis! (<em>Postpakete<\/em> en allemand)<\/p>\n<p><img loading=\"lazy\" decoding=\"async\" class=\"aligncenter size-full wp-image-3257\" src=\"http:\/\/cpl14.fr\/wp-content\/uploads\/2018\/02\/OHRDRUF-postes.jpg\" alt=\"\" width=\"786\" height=\"487\" srcset=\"https:\/\/cpl14.fr\/wp-content\/uploads\/2018\/02\/OHRDRUF-postes.jpg 786w, https:\/\/cpl14.fr\/wp-content\/uploads\/2018\/02\/OHRDRUF-postes-300x186.jpg 300w, https:\/\/cpl14.fr\/wp-content\/uploads\/2018\/02\/OHRDRUF-postes-768x476.jpg 768w\" sizes=\"auto, (max-width: 786px) 100vw, 786px\" \/><\/p>\n<p style=\"text-align: center;\">distribution des colis au camp de Ohrdurf<\/p>\n<p>&nbsp;<\/p>\n<p>Les conditions de vie dans les camps sont difficiles. L&rsquo;ordinaire (la cantine) laisse plus qu&rsquo;\u00e0 d\u00e9sirer, et les conditions d&rsquo;hygi\u00e8ne sont d\u00e9plorables. Il n&rsquo;est pas fourni de v\u00eatements non plus, ni de chaussures, et encore moins de produits sucr\u00e9s.<\/p>\n<p>La survie des prisonniers est donc fortement conditionn\u00e9e par la r\u00e9ception de colis provenant de France, autant que le moral est soutenu par les lettres.<\/p>\n<p><img loading=\"lazy\" decoding=\"async\" class=\"aligncenter size-large wp-image-3276\" src=\"http:\/\/cpl14.fr\/wp-content\/uploads\/2018\/02\/20180215_164900-769x1024.jpg\" alt=\"\" width=\"769\" height=\"1024\" srcset=\"https:\/\/cpl14.fr\/wp-content\/uploads\/2018\/02\/20180215_164900-769x1024.jpg 769w, https:\/\/cpl14.fr\/wp-content\/uploads\/2018\/02\/20180215_164900-225x300.jpg 225w, https:\/\/cpl14.fr\/wp-content\/uploads\/2018\/02\/20180215_164900-768x1023.jpg 768w, https:\/\/cpl14.fr\/wp-content\/uploads\/2018\/02\/20180215_164900.jpg 900w\" sizes=\"auto, (max-width: 769px) 100vw, 769px\" \/><\/p>\n<p style=\"text-align: center;\">collection S et M.C. Lisieux<\/p>\n<p>&nbsp;<\/p>\n<p>Certains commer\u00e7ants se sp\u00e9cialisent m\u00eame dans la confection de ces colis:<\/p>\n<p><img loading=\"lazy\" decoding=\"async\" class=\"aligncenter size-large wp-image-3269\" src=\"http:\/\/cpl14.fr\/wp-content\/uploads\/2018\/02\/20180215_164927-701x1024.jpg\" alt=\"\" width=\"701\" height=\"1024\" srcset=\"https:\/\/cpl14.fr\/wp-content\/uploads\/2018\/02\/20180215_164927-701x1024.jpg 701w, https:\/\/cpl14.fr\/wp-content\/uploads\/2018\/02\/20180215_164927-205x300.jpg 205w, https:\/\/cpl14.fr\/wp-content\/uploads\/2018\/02\/20180215_164927-768x1122.jpg 768w, https:\/\/cpl14.fr\/wp-content\/uploads\/2018\/02\/20180215_164927.jpg 1000w\" sizes=\"auto, (max-width: 701px) 100vw, 701px\" \/><\/p>\n<p style=\"text-align: center;\">collection S. et M.C. Lisieux<\/p>\n<p>&nbsp;<\/p>\n<p>Ren\u00e9 y attache \u00e9norm\u00e9ment d&rsquo;importance:<\/p>\n<p><img loading=\"lazy\" decoding=\"async\" class=\"aligncenter size-full wp-image-3273\" src=\"http:\/\/cpl14.fr\/wp-content\/uploads\/2018\/02\/T2-V3-15.1.22.jpg\" alt=\"\" width=\"799\" height=\"368\" srcset=\"https:\/\/cpl14.fr\/wp-content\/uploads\/2018\/02\/T2-V3-15.1.22.jpg 799w, https:\/\/cpl14.fr\/wp-content\/uploads\/2018\/02\/T2-V3-15.1.22-300x138.jpg 300w, https:\/\/cpl14.fr\/wp-content\/uploads\/2018\/02\/T2-V3-15.1.22-768x354.jpg 768w\" sizes=\"auto, (max-width: 799px) 100vw, 799px\" \/><\/p>\n<p style=\"text-align: center;\">carte du 2 f\u00e9vrier 1915 (et pas 1918 comme indiqu\u00e9 en haut!)<\/p>\n<p style=\"text-align: center;\"><em>\u00ab\u00a0&#8230;j&rsquo;ai re\u00e7u ton colis&#8230;cela m&rsquo;a fait plaisir surtout le manger&#8230;\u00a0\u00bb<\/em><\/p>\n<p>&nbsp;<\/p>\n<p><img loading=\"lazy\" decoding=\"async\" class=\"aligncenter size-full wp-image-3274\" src=\"http:\/\/cpl14.fr\/wp-content\/uploads\/2018\/02\/T3.2-V2-15.4.22.jpg\" alt=\"\" width=\"800\" height=\"530\" srcset=\"https:\/\/cpl14.fr\/wp-content\/uploads\/2018\/02\/T3.2-V2-15.4.22.jpg 800w, https:\/\/cpl14.fr\/wp-content\/uploads\/2018\/02\/T3.2-V2-15.4.22-300x199.jpg 300w, https:\/\/cpl14.fr\/wp-content\/uploads\/2018\/02\/T3.2-V2-15.4.22-768x509.jpg 768w\" sizes=\"auto, (max-width: 800px) 100vw, 800px\" \/><\/p>\n<p style=\"text-align: center;\">Carte du 22 avril 1915<\/p>\n<p style=\"text-align: center;\">\u00ab\u00a0&#8230;<em>j&rsquo;ai re\u00e7u &#8230;ton colis de 27 mars&#8230;et comme nous ferons notre petite cuisine et repas L\u00e9on et moi par ensemble, nous esp\u00e9rons rentrer dans nos foyers aussi puissants que nous \u00e9tions \u00e0 notre d\u00e9part, \u00e0 part quels (quelques) cheveux blancs<\/em>&#8230;\u00a0\u00bb<\/p>\n<p>&nbsp;<\/p>\n<p><img loading=\"lazy\" decoding=\"async\" class=\"aligncenter size-full wp-image-3275\" src=\"http:\/\/cpl14.fr\/wp-content\/uploads\/2018\/02\/cassel3.jpg\" alt=\"\" width=\"800\" height=\"539\" srcset=\"https:\/\/cpl14.fr\/wp-content\/uploads\/2018\/02\/cassel3.jpg 800w, https:\/\/cpl14.fr\/wp-content\/uploads\/2018\/02\/cassel3-300x202.jpg 300w, https:\/\/cpl14.fr\/wp-content\/uploads\/2018\/02\/cassel3-768x517.jpg 768w\" sizes=\"auto, (max-width: 800px) 100vw, 800px\" \/><\/p>\n<p>&nbsp;<\/p>\n<p>Sources pour cet article: C. Deloste, Histoire Postale et Militaire de la Guerre 14\/18 ; Le courrier des prisonniers de guerre, Lectures pour tous, 01.01.1917 ; www.deutsche-feldpost1914-18.de<\/p>\n<p>Collection BB Lisieux (sauf mentions)<\/p>\n<p style=\"text-align: right;\"><a href=\"http:\/\/cpl14.fr\/?p=3283\">\u00e0 suivre&#8230;.<\/a><\/p>\n","protected":false},"excerpt":{"rendered":"<div class=\"mh-excerpt\"><p>Pour commencer, un petit lexique Allemand\/Fran\u00e7ais: Feld-Post = poste militaire (litteralement: poste de campagne) Feld-postkarte = carte en franchise militaire Krieg = guerre Gefangenen =\u00a0 <a class=\"mh-excerpt-more\" href=\"https:\/\/cpl14.fr\/?p=3249\" title=\"La Vache et Le Prisonnier (2),  la Feld-Post pour les prisonniers de guerre\">[&#8230;]<\/a><\/p>\n<\/div>","protected":false},"author":1,"featured_media":3246,"comment_status":"open","ping_status":"open","sticky":false,"template":"","format":"standard","meta":{"footnotes":""},"categories":[16,17],"tags":[166,168,163,164,170,169,167,165],"class_list":["post-3249","post","type-post","status-publish","format-standard","has-post-thumbnail","hentry","category-cartes-postales","category-histoire-postale-et-marcophilie","tag-allemagne","tag-cassel","tag-censure","tag-feldpost","tag-langensalza","tag-niederzwehren","tag-ohrdruf","tag-prisonnier"],"_links":{"self":[{"href":"https:\/\/cpl14.fr\/index.php?rest_route=\/wp\/v2\/posts\/3249","targetHints":{"allow":["GET"]}}],"collection":[{"href":"https:\/\/cpl14.fr\/index.php?rest_route=\/wp\/v2\/posts"}],"about":[{"href":"https:\/\/cpl14.fr\/index.php?rest_route=\/wp\/v2\/types\/post"}],"author":[{"embeddable":true,"href":"https:\/\/cpl14.fr\/index.php?rest_route=\/wp\/v2\/users\/1"}],"replies":[{"embeddable":true,"href":"https:\/\/cpl14.fr\/index.php?rest_route=%2Fwp%2Fv2%2Fcomments&post=3249"}],"version-history":[{"count":11,"href":"https:\/\/cpl14.fr\/index.php?rest_route=\/wp\/v2\/posts\/3249\/revisions"}],"predecessor-version":[{"id":6794,"href":"https:\/\/cpl14.fr\/index.php?rest_route=\/wp\/v2\/posts\/3249\/revisions\/6794"}],"wp:featuredmedia":[{"embeddable":true,"href":"https:\/\/cpl14.fr\/index.php?rest_route=\/wp\/v2\/media\/3246"}],"wp:attachment":[{"href":"https:\/\/cpl14.fr\/index.php?rest_route=%2Fwp%2Fv2%2Fmedia&parent=3249"}],"wp:term":[{"taxonomy":"category","embeddable":true,"href":"https:\/\/cpl14.fr\/index.php?rest_route=%2Fwp%2Fv2%2Fcategories&post=3249"},{"taxonomy":"post_tag","embeddable":true,"href":"https:\/\/cpl14.fr\/index.php?rest_route=%2Fwp%2Fv2%2Ftags&post=3249"}],"curies":[{"name":"wp","href":"https:\/\/api.w.org\/{rel}","templated":true}]}}