{"id":3283,"date":"2018-02-20T10:55:58","date_gmt":"2018-02-20T09:55:58","guid":{"rendered":"http:\/\/cpl14.fr\/?p=3283"},"modified":"2020-04-01T09:46:24","modified_gmt":"2020-04-01T07:46:24","slug":"la-vache-et-le-prisonnier-3-les-cartes-kriegsgefangenen-sendung","status":"publish","type":"post","link":"https:\/\/cpl14.fr\/?p=3283","title":{"rendered":"La Vache et Le Prisonnier (3), les cartes \u00ab\u00a0Kriegsgefangenen-Sendung\u00a0\u00bb"},"content":{"rendered":"<p>Les camps et camps annexes (d\u00e9tachements) ont chacun un mod\u00e8le de carte-postale, et ce mod\u00e8le change tr\u00e8s souvent. Comme il y a environ 700 camps, et que chaque camp peut avoir utilis\u00e9 plus de 10 mod\u00e8les diff\u00e9rents, nous nous limitons \u00e0 pr\u00e9senter les cartes utilis\u00e9es par Ren\u00e9 dans sa correspondance avec Rachel, ce qui repr\u00e9sente d\u00e9j\u00e0 16 mod\u00e8les ou vari\u00e9t\u00e9s diff\u00e9rentes.<\/p>\n<p>Nous profiterons de cette pr\u00e9sentation pour d\u00e9crire les diff\u00e9rentes marques de censure et marques postales qui figurent sur ces cartes.<\/p>\n<h3><\/h3>\n<h2>Le Camp de Ohrdruf (d\u00e9cembre 1914 \u00e0 avril 1916):<\/h2>\n<p><img loading=\"lazy\" decoding=\"async\" class=\"size-full wp-image-3288 aligncenter\" src=\"http:\/\/cpl14.fr\/wp-content\/uploads\/2018\/02\/OHRDRUF-3.jpg\" alt=\"\" width=\"800\" height=\"510\" srcset=\"https:\/\/cpl14.fr\/wp-content\/uploads\/2018\/02\/OHRDRUF-3.jpg 800w, https:\/\/cpl14.fr\/wp-content\/uploads\/2018\/02\/OHRDRUF-3-300x191.jpg 300w, https:\/\/cpl14.fr\/wp-content\/uploads\/2018\/02\/OHRDRUF-3-768x490.jpg 768w\" sizes=\"auto, (max-width: 800px) 100vw, 800px\" \/><\/p>\n<p style=\"text-align: center;\">La caserne du camp de Ohrdruf, les b\u00e2timents occup\u00e9s par les allemands<\/p>\n<p>Ohrdruf est dans le comt\u00e9 de Gotha, en Thuringe, au centre de l&#8217;empire. C&rsquo;est un champ de man\u0153uvre de l&rsquo;arm\u00e9e allemande. En 39\/45, Ohrdruf sera un camp de concentration, annexe de Buchenwald. Un des premiers camps d\u00e9couvert par les Am\u00e9ricains.<\/p>\n<p>Le camp est une annexe du camp de Langensalza, \u00e0 50km au nord d&rsquo;Ohrdruf. Il y avait une autre annexe \u00e0 Erfurt \u00e0 40 km au nord-est.<\/p>\n<p>Le camp de prisonniers est construit sur les terrains du champs de man\u0153uvre, il est constitu\u00e9 de baraquement en bois qui ont \u00e9t\u00e9 construites par les prisonniers eux-m\u00eames.<\/p>\n<p><img loading=\"lazy\" decoding=\"async\" class=\"size-full wp-image-3286 aligncenter\" src=\"http:\/\/cpl14.fr\/wp-content\/uploads\/2018\/02\/OHRDRUF-1mc.jpg\" alt=\"\" width=\"800\" height=\"511\" srcset=\"https:\/\/cpl14.fr\/wp-content\/uploads\/2018\/02\/OHRDRUF-1mc.jpg 800w, https:\/\/cpl14.fr\/wp-content\/uploads\/2018\/02\/OHRDRUF-1mc-300x192.jpg 300w, https:\/\/cpl14.fr\/wp-content\/uploads\/2018\/02\/OHRDRUF-1mc-768x491.jpg 768w\" sizes=\"auto, (max-width: 800px) 100vw, 800px\" \/><\/p>\n<p style=\"text-align: center;\">colonne de prisonniers sortant du camp de Ohrdruf (au fond, les baraquements) \u00a0 \u00a0 \u00a0 \u00a0 \u00a0 \u00a0 \u00a0 \u00a0 \u00a0 \u00a0 coll. S.etM.C.<\/p>\n<p>&nbsp;<\/p>\n<p>Nous avons trouv\u00e9 10 mod\u00e8les diff\u00e9rents pour le camp de Ohrdruf pour cette p\u00e9riode.<\/p>\n<p>Les mod\u00e8les 1 et 2 sont communs \u00e0 plusieurs camps car ce sont des \u00ab\u00a0Avis de Capture\u00a0\u00bb. Lorsqu&rsquo;un soldat est fait prisonnier lors d&rsquo;un combat, il est g\u00e9n\u00e9ralement port\u00e9 disparu jusqu&rsquo;\u00e0 ce qu&rsquo;il puisse avertir sa famille qu&rsquo;il est en captivit\u00e9 en Allemagne. Ces cartes sp\u00e9cifiques servaient \u00e0 pr\u00e9venir la famille et \u00e0 donner l&rsquo;adresse o\u00f9 on pouvait lui envoyer du courrier.<\/p>\n<p>Ce sont des cartes fournies par l&rsquo;arm\u00e9e allemande, communes \u00e0 tous les camps au d\u00e9but du conflit, mais elles seront rapidement \u00e9puis\u00e9es. Elles ne portent pas le nom du camp imprim\u00e9.<\/p>\n<h4>Mod\u00e8le 1: vu en d\u00e9cembre 1914 et janvier 1915 (2 cartes)<\/h4>\n<h5>29 d\u00e9cembre 1914 (recto-verso)<\/h5>\n<p><img loading=\"lazy\" decoding=\"async\" class=\"aligncenter size-full wp-image-3284\" src=\"http:\/\/cpl14.fr\/wp-content\/uploads\/2018\/02\/T1.1-R-14.12.29-Ohrdruf.jpg\" alt=\"\" width=\"800\" height=\"527\" srcset=\"https:\/\/cpl14.fr\/wp-content\/uploads\/2018\/02\/T1.1-R-14.12.29-Ohrdruf.jpg 800w, https:\/\/cpl14.fr\/wp-content\/uploads\/2018\/02\/T1.1-R-14.12.29-Ohrdruf-300x198.jpg 300w, https:\/\/cpl14.fr\/wp-content\/uploads\/2018\/02\/T1.1-R-14.12.29-Ohrdruf-768x506.jpg 768w\" sizes=\"auto, (max-width: 800px) 100vw, 800px\" \/><\/p>\n<p style=\"text-align: center;\">Feld-Postkarte \u00a0 \u00a0 \u00a0 \u00a0Kriegsgefangenen-sendung. (sur 2 lignes, sans cadre)<\/p>\n<p style=\"text-align: center;\">cachet du vaguemestre du camp, TAD poste civile Ohrdruf, et TAD distribution de Routot<\/p>\n<p style=\"text-align: center;\">Griffe neutre de censure<\/p>\n<p>&nbsp;<\/p>\n<p><img loading=\"lazy\" decoding=\"async\" class=\"size-large wp-image-3285 aligncenter\" src=\"http:\/\/cpl14.fr\/wp-content\/uploads\/2018\/02\/T1.1-V-1.jpg\" alt=\"\" width=\"800\" height=\"534\" srcset=\"https:\/\/cpl14.fr\/wp-content\/uploads\/2018\/02\/T1.1-V-1.jpg 800w, https:\/\/cpl14.fr\/wp-content\/uploads\/2018\/02\/T1.1-V-1-300x200.jpg 300w, https:\/\/cpl14.fr\/wp-content\/uploads\/2018\/02\/T1.1-V-1-768x513.jpg 768w\" sizes=\"auto, (max-width: 800px) 100vw, 800px\" \/><\/p>\n<p style=\"text-align: center;\"><strong><em>Envoyez directement \u00e0 la famille<\/em><\/strong><\/p>\n<p style=\"text-align: center;\">Partie adresse 2\/3 et partie correspondance 1\/3<\/p>\n<p style=\"text-align: center;\">Griffe: lettres br\u00e8ves et lisiblement \u00e9crites (pour faciliter la censure)<\/p>\n<p>&nbsp;<\/p>\n<h5>15 janvier 1915 (verso)<\/h5>\n<p><img loading=\"lazy\" decoding=\"async\" class=\"aligncenter size-full wp-image-3290\" src=\"http:\/\/cpl14.fr\/wp-content\/uploads\/2018\/02\/T1.2-V.jpg\" alt=\"\" width=\"800\" height=\"511\" srcset=\"https:\/\/cpl14.fr\/wp-content\/uploads\/2018\/02\/T1.2-V.jpg 800w, https:\/\/cpl14.fr\/wp-content\/uploads\/2018\/02\/T1.2-V-300x192.jpg 300w, https:\/\/cpl14.fr\/wp-content\/uploads\/2018\/02\/T1.2-V-768x491.jpg 768w\" sizes=\"auto, (max-width: 800px) 100vw, 800px\" \/><\/p>\n<p style=\"text-align: center;\">griffe: <em>6. Gefang, Komp. \/ Ohrdruf<\/em>\u00a0 (6e prison, compagnie \/ Ohrdruf)<\/p>\n<p>&nbsp;<\/p>\n<h4>Mod\u00e8le 2: vu en janvier et f\u00e9vrier 1915 (2 cartes)<\/h4>\n<h5>22 janvier et 2 f\u00e9vrier 1915 (recto-verso)<\/h5>\n<p><img loading=\"lazy\" decoding=\"async\" class=\"aligncenter size-full wp-image-3291\" src=\"http:\/\/cpl14.fr\/wp-content\/uploads\/2018\/02\/T2-R-15.2.2-Ohrdruf-1.jpg\" alt=\"\" width=\"800\" height=\"523\" srcset=\"https:\/\/cpl14.fr\/wp-content\/uploads\/2018\/02\/T2-R-15.2.2-Ohrdruf-1.jpg 800w, https:\/\/cpl14.fr\/wp-content\/uploads\/2018\/02\/T2-R-15.2.2-Ohrdruf-1-300x196.jpg 300w, https:\/\/cpl14.fr\/wp-content\/uploads\/2018\/02\/T2-R-15.2.2-Ohrdruf-1-768x502.jpg 768w\" sizes=\"auto, (max-width: 800px) 100vw, 800px\" \/><\/p>\n<p style=\"text-align: center;\">recto identique au mod\u00e8le 1<\/p>\n<p style=\"text-align: center;\">apparition du cachet rond de F.a., double cercle<\/p>\n<p>&nbsp;<\/p>\n<p><img loading=\"lazy\" decoding=\"async\" class=\"aligncenter size-full wp-image-3294\" src=\"http:\/\/cpl14.fr\/wp-content\/uploads\/2018\/02\/T2.2-15.2.2-V.jpg\" alt=\"\" width=\"800\" height=\"521\" srcset=\"https:\/\/cpl14.fr\/wp-content\/uploads\/2018\/02\/T2.2-15.2.2-V.jpg 800w, https:\/\/cpl14.fr\/wp-content\/uploads\/2018\/02\/T2.2-15.2.2-V-300x195.jpg 300w, https:\/\/cpl14.fr\/wp-content\/uploads\/2018\/02\/T2.2-15.2.2-V-768x500.jpg 768w\" sizes=\"auto, (max-width: 800px) 100vw, 800px\" \/><\/p>\n<p style=\"text-align: center;\"><strong>nouveau dos: partie adresse 1\/2 et partie correspondance 1\/2<\/strong><\/p>\n<p style=\"text-align: center;\">nouvelle griffe: <em>6. Compagnie \/ Gefangenenlager \/ Ohrdruf<\/em>\u00a0 (6e compagnie \/ camp de prisonniers \/ Ohrdruf)<\/p>\n<p style=\"text-align: center;\">(cette griffe est vue sur carte du 15 janvier)<\/p>\n<p>&nbsp;<\/p>\n<p>Les prisonniers sont affect\u00e9s suivant leur r\u00e9giment d&rsquo;origine, dans une compagnie, et un baraquement: 74e d&rsquo;infanterie, 6e compagnie, Shtal 13.<\/p>\n<p style=\"text-align: left;\">On peut voir dans l&rsquo;adresse que Ren\u00e9 n&rsquo;utilise pas le terme Gefangenen-Lager (camp de prisonniers) mais le terme Truppen\u00fcbungsplatz (champ de man\u0153uvre).<br \/>\nEn effet, Ohrdruf est un terrain de man\u0153uvre avant 1914, et fin 1914-d\u00e9but 1915,\u00a0 le camp est encore en cours d&rsquo;am\u00e9nagement pour devenir un vrai camp de prisonniers.<\/p>\n<p>&nbsp;<\/p>\n<h4>Mod\u00e8le 3: vu de mars \u00e0 juin 1915 (3 cartes)<\/h4>\n<h5>25 f\u00e9vrier 1915 (recto-verso)<\/h5>\n<p><img loading=\"lazy\" decoding=\"async\" class=\"aligncenter size-full wp-image-3297\" src=\"http:\/\/cpl14.fr\/wp-content\/uploads\/2018\/02\/T3.1-R-15.2.25-Ohrdruf.jpg\" alt=\"\" width=\"800\" height=\"528\" srcset=\"https:\/\/cpl14.fr\/wp-content\/uploads\/2018\/02\/T3.1-R-15.2.25-Ohrdruf.jpg 800w, https:\/\/cpl14.fr\/wp-content\/uploads\/2018\/02\/T3.1-R-15.2.25-Ohrdruf-300x198.jpg 300w, https:\/\/cpl14.fr\/wp-content\/uploads\/2018\/02\/T3.1-R-15.2.25-Ohrdruf-768x507.jpg 768w\" sizes=\"auto, (max-width: 800px) 100vw, 800px\" \/><\/p>\n<p style=\"text-align: center;\"><strong>Feldpostkarte<\/strong> (sans tiret de s\u00e9paration) \u00a0 \u00a0 \u00a0 \u00a0 \u00a0 <strong>Kriegs- gefangenen- sendung<\/strong> (sur 3 lignes, avec cadre pointill\u00e9)<\/p>\n<p style=\"text-align: center;\"><strong>cadre r\u00e9serv\u00e9 \u00e0 l&rsquo;adresse sur le recto<\/strong><\/p>\n<p>&nbsp;<\/p>\n<p>c&rsquo;est le premier mod\u00e8le sp\u00e9cialement imprim\u00e9 pour Ohrdruf, il comporte au recto une partie pr\u00e9-imprim\u00e9e \u00e0 compl\u00e9ter par le prisonnier o\u00f9 figure l&rsquo;adresse du camp.<\/p>\n<p style=\"text-align: center;\"><img loading=\"lazy\" decoding=\"async\" class=\"aligncenter size-full wp-image-3298\" src=\"http:\/\/cpl14.fr\/wp-content\/uploads\/2018\/02\/T3.1-V-15.2.25.jpg\" alt=\"\" width=\"800\" height=\"516\" srcset=\"https:\/\/cpl14.fr\/wp-content\/uploads\/2018\/02\/T3.1-V-15.2.25.jpg 800w, https:\/\/cpl14.fr\/wp-content\/uploads\/2018\/02\/T3.1-V-15.2.25-300x194.jpg 300w, https:\/\/cpl14.fr\/wp-content\/uploads\/2018\/02\/T3.1-V-15.2.25-768x495.jpg 768w\" sizes=\"auto, (max-width: 800px) 100vw, 800px\" \/><strong>nouveau dos r\u00e9serv\u00e9 \u00e0 la correspondance: <\/strong>8 lignes en pointill\u00e9s<br \/>\n<strong>texte de recommandation bilingue<\/strong><\/p>\n<p>&nbsp;<\/p>\n<p>Dans la partie \u00ab\u00a0mon adresse\u00a0\u00bb, on voit appara\u00eetre le N\u00b0 du prisonnier \u00e0 la place de son \u00ab\u00a0Shtal\u00a0\u00bb. Ren\u00e9 porte le n\u00b0158, et il est prisonnier depuis ao\u00fbt 1914, il a tr\u00e8s probablement fait partie des \u00ab\u00a0constructeur\u00a0\u00bb des baraquements.<\/p>\n<p>Le verso est commun aux mod\u00e8les 3, 4 et 5, de mars \u00e0 septembre 1915.<\/p>\n<p>&nbsp;<\/p>\n<h5>22 avril 1915 (recto)<\/h5>\n<p><img loading=\"lazy\" decoding=\"async\" class=\"aligncenter size-full wp-image-3295\" src=\"http:\/\/cpl14.fr\/wp-content\/uploads\/2018\/02\/T3.2-R-15.4.22-Ohrdruf.jpg\" alt=\"\" width=\"800\" height=\"548\" srcset=\"https:\/\/cpl14.fr\/wp-content\/uploads\/2018\/02\/T3.2-R-15.4.22-Ohrdruf.jpg 800w, https:\/\/cpl14.fr\/wp-content\/uploads\/2018\/02\/T3.2-R-15.4.22-Ohrdruf-300x206.jpg 300w, https:\/\/cpl14.fr\/wp-content\/uploads\/2018\/02\/T3.2-R-15.4.22-Ohrdruf-768x526.jpg 768w\" sizes=\"auto, (max-width: 800px) 100vw, 800px\" \/><\/p>\n<p style=\"text-align: center;\"><b><\/b><strong>\u00e0 partir du printemps 1915, le courrier ne passe plus par la poste civile de Ohrdruf<\/strong><br \/>\n<strong>Nouvelle griffe de censure<\/strong> avec identification du camp<\/p>\n<p>&nbsp;<\/p>\n<p style=\"text-align: left;\">l&rsquo;absence de F.a. sur la carte, et la nouvelle griffe de censure laisse \u00e0 penser une erreur de fabrication dans la griffe&#8230; qui sera remplac\u00e9e sur la carte suivante.<\/p>\n<p>Ren\u00e9 pr\u00e9cise \u00e0 c\u00f4t\u00e9 de la date: \u00ab\u00a0Camp B\u00a0\u00bb, ce qui laisse pr\u00e9sum\u00e9 un camp A&#8230;<\/p>\n<p>&nbsp;<\/p>\n<h5>7 juin 1915 (recto)<\/h5>\n<p><img loading=\"lazy\" decoding=\"async\" class=\"aligncenter size-full wp-image-3299\" src=\"http:\/\/cpl14.fr\/wp-content\/uploads\/2018\/02\/T3.3-R-15.6.7-Ohrdruf.jpg\" alt=\"\" width=\"800\" height=\"533\" srcset=\"https:\/\/cpl14.fr\/wp-content\/uploads\/2018\/02\/T3.3-R-15.6.7-Ohrdruf.jpg 800w, https:\/\/cpl14.fr\/wp-content\/uploads\/2018\/02\/T3.3-R-15.6.7-Ohrdruf-300x200.jpg 300w, https:\/\/cpl14.fr\/wp-content\/uploads\/2018\/02\/T3.3-R-15.6.7-Ohrdruf-768x512.jpg 768w\" sizes=\"auto, (max-width: 800px) 100vw, 800px\" \/><\/p>\n<p style=\"text-align: center;\">griffe de compagnie en rouge<br \/>\n<strong>Nouvelle griffe de censure<\/strong> avec F.a.<\/p>\n<p>&nbsp;<\/p>\n<h4>Mod\u00e8le 4: vu en juin et septembre 1915 (2 cartes)<\/h4>\n<h5>14 juin et 26 septembre 1915 (recto)<\/h5>\n<p><img loading=\"lazy\" decoding=\"async\" class=\"aligncenter size-full wp-image-3300\" src=\"http:\/\/cpl14.fr\/wp-content\/uploads\/2018\/02\/T4.1-R-15.6.14-Ohrdruf.jpg\" alt=\"\" width=\"800\" height=\"533\" srcset=\"https:\/\/cpl14.fr\/wp-content\/uploads\/2018\/02\/T4.1-R-15.6.14-Ohrdruf.jpg 800w, https:\/\/cpl14.fr\/wp-content\/uploads\/2018\/02\/T4.1-R-15.6.14-Ohrdruf-300x200.jpg 300w, https:\/\/cpl14.fr\/wp-content\/uploads\/2018\/02\/T4.1-R-15.6.14-Ohrdruf-768x512.jpg 768w\" sizes=\"auto, (max-width: 800px) 100vw, 800px\" \/><\/p>\n<p style=\"text-align: center;\"><strong>Feldpostkarte<\/strong> (en gras)<\/p>\n<p>On retrouvera ce recto sur le mod\u00e8le 9, en mars 1916<\/p>\n<p>&nbsp;<\/p>\n<h4>Mod\u00e8le 5: vu de juin \u00e0 septembre 1915 (3 cartes)<\/h4>\n<h5>18 juin 1915 (recto)<\/h5>\n<p><img loading=\"lazy\" decoding=\"async\" class=\"aligncenter size-full wp-image-3302\" src=\"http:\/\/cpl14.fr\/wp-content\/uploads\/2018\/02\/T5.1-R2-15.6.18.jpg\" alt=\"\" width=\"800\" height=\"517\" srcset=\"https:\/\/cpl14.fr\/wp-content\/uploads\/2018\/02\/T5.1-R2-15.6.18.jpg 800w, https:\/\/cpl14.fr\/wp-content\/uploads\/2018\/02\/T5.1-R2-15.6.18-300x194.jpg 300w, https:\/\/cpl14.fr\/wp-content\/uploads\/2018\/02\/T5.1-R2-15.6.18-768x496.jpg 768w\" sizes=\"auto, (max-width: 800px) 100vw, 800px\" \/><\/p>\n<p style=\"text-align: center;\"><strong>Feldpostkarte<\/strong> (en lettres plus petites et maigres)<\/p>\n<p style=\"text-align: center;\">TAD de la poste civile de Neukirchen (annexe de Ziegenhain)<\/p>\n<p>&nbsp;<\/p>\n<p>Ren\u00e9 sort du camp pour la premi\u00e8re fois, il est envoy\u00e9 en \u00ab\u00a0Kommando\u00a0\u00bb de travail dans une ferme \u00e0 130km du camp de Ohrdruf. Il ne conna\u00eet pas encore la proc\u00e9dure pour envoyer son courrier, et met sa carte dans la boite de la poste civile de Neukirchen! (date du TAD identique \u00e0 la date d&rsquo;\u00e9criture de la carte)<\/p>\n<p>Le postier de Neukirchen ajoute manuellement \u00ab\u00a0<strong><em>f\u00fcr\u00a0Postpr\u00fcfungsstelle, Ohrdruf<\/em><\/strong>\u00a0\u00bb (pour le bureau de poste de Ohrdruf), qui redonne la carte au camp pour censure et F.a.<\/p>\n<p>&nbsp;<\/p>\n<h5>1 juillet 1915 (recto)<\/h5>\n<p><img loading=\"lazy\" decoding=\"async\" class=\"aligncenter size-full wp-image-3307\" src=\"http:\/\/cpl14.fr\/wp-content\/uploads\/2018\/02\/T5.2-R-15.7.1-Ohrdruf.jpg\" alt=\"\" width=\"800\" height=\"528\" srcset=\"https:\/\/cpl14.fr\/wp-content\/uploads\/2018\/02\/T5.2-R-15.7.1-Ohrdruf.jpg 800w, https:\/\/cpl14.fr\/wp-content\/uploads\/2018\/02\/T5.2-R-15.7.1-Ohrdruf-300x198.jpg 300w, https:\/\/cpl14.fr\/wp-content\/uploads\/2018\/02\/T5.2-R-15.7.1-Ohrdruf-768x507.jpg 768w\" sizes=\"auto, (max-width: 800px) 100vw, 800px\" \/><\/p>\n<p style=\"text-align: center;\">le 1er juillet, la carte prend le bon circuit, sans passer par la poste civile<\/p>\n<h5>d\u00e9but ao\u00fbt 1915 (recto)<\/h5>\n<p><img loading=\"lazy\" decoding=\"async\" class=\"size-large wp-image-3308 aligncenter\" src=\"http:\/\/cpl14.fr\/wp-content\/uploads\/2018\/02\/T5.3-R-15.8.10-Ohrdruf.jpg\" alt=\"\" width=\"800\" height=\"526\" srcset=\"https:\/\/cpl14.fr\/wp-content\/uploads\/2018\/02\/T5.3-R-15.8.10-Ohrdruf.jpg 800w, https:\/\/cpl14.fr\/wp-content\/uploads\/2018\/02\/T5.3-R-15.8.10-Ohrdruf-300x197.jpg 300w, https:\/\/cpl14.fr\/wp-content\/uploads\/2018\/02\/T5.3-R-15.8.10-Ohrdruf-768x505.jpg 768w\" sizes=\"auto, (max-width: 800px) 100vw, 800px\" \/><\/p>\n<p style=\"text-align: center;\"><strong>premi\u00e8re date vue du dateur d&rsquo;entr\u00e9e dans le service de censure<\/strong><\/p>\n<p>&nbsp;<\/p>\n<h4>Mod\u00e8le 6: vu en novembre 1915 (2 cartes)<\/h4>\n<h5>7 et 21 novembre 1915 (recto verso)<img loading=\"lazy\" decoding=\"async\" class=\"aligncenter size-large wp-image-3310\" src=\"http:\/\/cpl14.fr\/wp-content\/uploads\/2018\/02\/T6.2-R-15.11.21-Ohrdruf-1.jpg\" alt=\"\" width=\"800\" height=\"534\" srcset=\"https:\/\/cpl14.fr\/wp-content\/uploads\/2018\/02\/T6.2-R-15.11.21-Ohrdruf-1.jpg 800w, https:\/\/cpl14.fr\/wp-content\/uploads\/2018\/02\/T6.2-R-15.11.21-Ohrdruf-1-300x200.jpg 300w, https:\/\/cpl14.fr\/wp-content\/uploads\/2018\/02\/T6.2-R-15.11.21-Ohrdruf-1-768x513.jpg 768w\" sizes=\"auto, (max-width: 800px) 100vw, 800px\" \/><\/h5>\n<p style=\"text-align: center;\"><strong>Feldpostkarte<\/strong> (en lettres plus petites et grasses)<\/p>\n<p style=\"text-align: center;\"><strong>nouveau cachet pour la censure et le F.a., avec mention \u00ab\u00a0Postpr\u00fcfungsstelle\u00a0\u00bb\u00a0<\/strong><\/p>\n<p>Le recto est identique pour les mod\u00e8les 6 et 7.<\/p>\n<p>&nbsp;<\/p>\n<p><img loading=\"lazy\" decoding=\"async\" class=\"aligncenter size-full wp-image-3309\" src=\"http:\/\/cpl14.fr\/wp-content\/uploads\/2018\/02\/T6.1-V-15.11.7.jpg\" alt=\"\" width=\"800\" height=\"544\" srcset=\"https:\/\/cpl14.fr\/wp-content\/uploads\/2018\/02\/T6.1-V-15.11.7.jpg 800w, https:\/\/cpl14.fr\/wp-content\/uploads\/2018\/02\/T6.1-V-15.11.7-300x204.jpg 300w, https:\/\/cpl14.fr\/wp-content\/uploads\/2018\/02\/T6.1-V-15.11.7-768x522.jpg 768w\" sizes=\"auto, (max-width: 800px) 100vw, 800px\" \/><\/p>\n<p style=\"text-align: center;\"><strong>nouveau dos avec 3 lignes de mentions<\/strong> au lieu de 5, <strong>et 9 lignes de correspondance<\/strong> en pointill\u00e9s<\/p>\n<p style=\"text-align: center;\">(notez les fautes: tou<strong>z<\/strong>ours au lieu de toujours, et <strong>J<\/strong>t au lieu de It)<\/p>\n<p>&nbsp;<\/p>\n<h4>Mod\u00e8le 7: vu en d\u00e9cembre 1915 (1 carte)<\/h4>\n<h5>5 d\u00e9cembre 1915 (verso)<\/h5>\n<p><img loading=\"lazy\" decoding=\"async\" class=\"aligncenter size-full wp-image-3311\" src=\"http:\/\/cpl14.fr\/wp-content\/uploads\/2018\/02\/T7-V-15.12.5.jpg\" alt=\"\" width=\"800\" height=\"529\" srcset=\"https:\/\/cpl14.fr\/wp-content\/uploads\/2018\/02\/T7-V-15.12.5.jpg 800w, https:\/\/cpl14.fr\/wp-content\/uploads\/2018\/02\/T7-V-15.12.5-300x198.jpg 300w, https:\/\/cpl14.fr\/wp-content\/uploads\/2018\/02\/T7-V-15.12.5-768x508.jpg 768w\" sizes=\"auto, (max-width: 800px) 100vw, 800px\" \/><\/p>\n<p style=\"text-align: center;\">nouveau dos avec juste \u00ab\u00a0<strong>Ohrdruf<\/strong> le&#8230;&#8230;.191&#8230;\u00a0\u00bb (lieu en gras, et vides en pointill\u00e9s) et 7 lignes de correspondance en pointill\u00e9s<\/p>\n<p>&nbsp;<\/p>\n<h4>Mod\u00e8le 8: vu en f\u00e9vrier et mars 1916 (2 cartes)<\/h4>\n<h5>21 f\u00e9vrier et 12 mars 1916 (recto verso)<\/h5>\n<p><img loading=\"lazy\" decoding=\"async\" class=\"aligncenter size-full wp-image-3312\" src=\"http:\/\/cpl14.fr\/wp-content\/uploads\/2018\/02\/T8.1-R-16.2.21-Ohrdruf.jpg\" alt=\"\" width=\"800\" height=\"535\" srcset=\"https:\/\/cpl14.fr\/wp-content\/uploads\/2018\/02\/T8.1-R-16.2.21-Ohrdruf.jpg 800w, https:\/\/cpl14.fr\/wp-content\/uploads\/2018\/02\/T8.1-R-16.2.21-Ohrdruf-300x201.jpg 300w, https:\/\/cpl14.fr\/wp-content\/uploads\/2018\/02\/T8.1-R-16.2.21-Ohrdruf-768x514.jpg 768w\" sizes=\"auto, (max-width: 800px) 100vw, 800px\" \/><\/p>\n<p style=\"text-align: center;\"><strong>FELDPOSTKARTE<\/strong> (en lettres majuscules) \u00a0 \u00a0\u00a0<strong>Kriegs- gefangenen- sendung<\/strong> (sur 3 lignes, avec cadre continu)<\/p>\n<p>&nbsp;<\/p>\n<p><img loading=\"lazy\" decoding=\"async\" class=\"aligncenter size-large wp-image-3313\" src=\"http:\/\/cpl14.fr\/wp-content\/uploads\/2018\/02\/T8.1-V-16.2.29.jpg\" alt=\"\" width=\"800\" height=\"532\" srcset=\"https:\/\/cpl14.fr\/wp-content\/uploads\/2018\/02\/T8.1-V-16.2.29.jpg 800w, https:\/\/cpl14.fr\/wp-content\/uploads\/2018\/02\/T8.1-V-16.2.29-300x200.jpg 300w, https:\/\/cpl14.fr\/wp-content\/uploads\/2018\/02\/T8.1-V-16.2.29-768x511.jpg 768w\" sizes=\"auto, (max-width: 800px) 100vw, 800px\" \/><\/p>\n<p style=\"text-align: center;\"><strong>nouveau dos<\/strong> \u00ab\u00a0<em>Ohrdruf, le____191_<\/em>\u00a0\u00bb (en maigre et italique, vides en traits) et <strong>10 lignes de correspondance en traits<\/strong><\/p>\n<p>&nbsp;<\/p>\n<h4>Mod\u00e8le 9: vu en mars 1916 (1 carte)<\/h4>\n<h5>26 mars 1916 (recto verso)<\/h5>\n<p>mod\u00e8le du recto identique au mod\u00e8le 4 de juin 1915, mais sur papier de moins bonne qualit\u00e9<\/p>\n<p><img loading=\"lazy\" decoding=\"async\" class=\"aligncenter size-full wp-image-3314\" src=\"http:\/\/cpl14.fr\/wp-content\/uploads\/2018\/02\/T9-R-16.3.26.jpg\" alt=\"\" width=\"800\" height=\"536\" srcset=\"https:\/\/cpl14.fr\/wp-content\/uploads\/2018\/02\/T9-R-16.3.26.jpg 800w, https:\/\/cpl14.fr\/wp-content\/uploads\/2018\/02\/T9-R-16.3.26-300x201.jpg 300w, https:\/\/cpl14.fr\/wp-content\/uploads\/2018\/02\/T9-R-16.3.26-768x515.jpg 768w\" sizes=\"auto, (max-width: 800px) 100vw, 800px\" \/><\/p>\n<p><img loading=\"lazy\" decoding=\"async\" class=\"aligncenter size-large wp-image-3315\" src=\"http:\/\/cpl14.fr\/wp-content\/uploads\/2018\/02\/T9-10-V-16.3.26.jpg\" alt=\"\" width=\"800\" height=\"552\" srcset=\"https:\/\/cpl14.fr\/wp-content\/uploads\/2018\/02\/T9-10-V-16.3.26.jpg 800w, https:\/\/cpl14.fr\/wp-content\/uploads\/2018\/02\/T9-10-V-16.3.26-300x207.jpg 300w, https:\/\/cpl14.fr\/wp-content\/uploads\/2018\/02\/T9-10-V-16.3.26-768x530.jpg 768w\" sizes=\"auto, (max-width: 800px) 100vw, 800px\" \/><\/p>\n<p style=\"text-align: center;\"><strong>nouveau dos totalement vierge<\/strong><\/p>\n<p>Dos identiques sur mod\u00e8les 9 et 10<\/p>\n<p>&nbsp;<\/p>\n<h4>Mod\u00e8le 10: vu en avril 1916 (9 cartes *)<\/h4>\n<p>*: 1 carte exp\u00e9di\u00e9e de Ohrdruf en avril, 1 carte exp\u00e9di\u00e9e de Naussi\u03b2 (Langensalza) en avril, 7 cartes exp\u00e9di\u00e9es de Niederzwehren (Cassel) entre mai et octobre.<\/p>\n<h5>16 avril 1916 (recto)<\/h5>\n<p><img loading=\"lazy\" decoding=\"async\" class=\"aligncenter size-full wp-image-3316\" src=\"http:\/\/cpl14.fr\/wp-content\/uploads\/2018\/02\/T10.1-R-16.4.16-Ohrdruf.jpg\" alt=\"\" width=\"800\" height=\"523\" srcset=\"https:\/\/cpl14.fr\/wp-content\/uploads\/2018\/02\/T10.1-R-16.4.16-Ohrdruf.jpg 800w, https:\/\/cpl14.fr\/wp-content\/uploads\/2018\/02\/T10.1-R-16.4.16-Ohrdruf-300x196.jpg 300w, https:\/\/cpl14.fr\/wp-content\/uploads\/2018\/02\/T10.1-R-16.4.16-Ohrdruf-768x502.jpg 768w\" sizes=\"auto, (max-width: 800px) 100vw, 800px\" \/><\/p>\n<p style=\"text-align: center;\"><strong>Feldpostkarte<\/strong> (en lettres tr\u00e8s petites et grasses)<\/p>\n<p>&nbsp;<\/p>\n<h5>28 avril 1916 (recto)<\/h5>\n<p><img loading=\"lazy\" decoding=\"async\" class=\"aligncenter size-large wp-image-3317\" src=\"http:\/\/cpl14.fr\/wp-content\/uploads\/2018\/02\/T10.2-R-16.4.28-Naussiss-Langensalza.jpg\" alt=\"\" width=\"800\" height=\"527\" srcset=\"https:\/\/cpl14.fr\/wp-content\/uploads\/2018\/02\/T10.2-R-16.4.28-Naussiss-Langensalza.jpg 800w, https:\/\/cpl14.fr\/wp-content\/uploads\/2018\/02\/T10.2-R-16.4.28-Naussiss-Langensalza-300x198.jpg 300w, https:\/\/cpl14.fr\/wp-content\/uploads\/2018\/02\/T10.2-R-16.4.28-Naussiss-Langensalza-768x506.jpg 768w\" sizes=\"auto, (max-width: 800px) 100vw, 800px\" \/><\/p>\n<p style=\"text-align: center;\">cachet du vaguemestre du camp de Langensalza, TAD poste civile de Langensalza, et TAD distribution de Routot<\/p>\n<p style=\"text-align: center;\">griffe de censure et F.a. du Postpr\u00fcfungsstelle du camp de Langensalza<\/p>\n<p>&nbsp;<\/p>\n<p>&nbsp;<\/p>\n<p>A compter de fin avril 1916, Ren\u00e9 est transf\u00e9r\u00e9\u00a0Niederzwehren (Cassel). mais comme il ne sait pas les conditions de vie sur place, il emm\u00e8ne avec lui un paquet de cartes de Ohrdruf.<\/p>\n<p>&nbsp;<\/p>\n<p><img loading=\"lazy\" decoding=\"async\" class=\"size-full wp-image-3323 aligncenter\" src=\"http:\/\/cpl14.fr\/wp-content\/uploads\/2018\/02\/Entr\u00e9e-du-camp-de-Cassel.jpg\" alt=\"\" width=\"800\" height=\"530\" srcset=\"https:\/\/cpl14.fr\/wp-content\/uploads\/2018\/02\/Entr\u00e9e-du-camp-de-Cassel.jpg 800w, https:\/\/cpl14.fr\/wp-content\/uploads\/2018\/02\/Entr\u00e9e-du-camp-de-Cassel-300x199.jpg 300w, https:\/\/cpl14.fr\/wp-content\/uploads\/2018\/02\/Entr\u00e9e-du-camp-de-Cassel-768x509.jpg 768w\" sizes=\"auto, (max-width: 800px) 100vw, 800px\" \/><\/p>\n<p style=\"text-align: center;\">entr\u00e9e du camp de Cassel-Niederzwehren<\/p>\n<p>D\u00e9but juillet, il repart en kommando dans une ferme \u00e0 Nietze et utilise les m\u00eames cartes jusqu&rsquo;en septembre.<\/p>\n<h5>30\u00a0 avril et 19 mai 1916 (recto)<\/h5>\n<h5>\u00a02, 16 et 30 juillet, 13 ao\u00fbt, 10 septembre 1916<\/h5>\n<p><img loading=\"lazy\" decoding=\"async\" class=\"aligncenter size-large wp-image-3318\" src=\"http:\/\/cpl14.fr\/wp-content\/uploads\/2018\/02\/T10.3-R-16.4.30-Niederzwehren.jpg\" alt=\"\" width=\"800\" height=\"540\" srcset=\"https:\/\/cpl14.fr\/wp-content\/uploads\/2018\/02\/T10.3-R-16.4.30-Niederzwehren.jpg 800w, https:\/\/cpl14.fr\/wp-content\/uploads\/2018\/02\/T10.3-R-16.4.30-Niederzwehren-300x203.jpg 300w, https:\/\/cpl14.fr\/wp-content\/uploads\/2018\/02\/T10.3-R-16.4.30-Niederzwehren-768x518.jpg 768w\" sizes=\"auto, (max-width: 800px) 100vw, 800px\" \/><\/p>\n<p style=\"text-align: center;\">censure du bureau de poste du camp de Cassel <strong>sans n\u00b0<\/strong>, date d&rsquo;entr\u00e9e en F.a,\u00a0sortie de F.a. simple cercle,<\/p>\n<p style=\"text-align: center;\">TAD poste civile de Niederzwehren\u00a0(annexe de Cassel) sans hachures<\/p>\n<p>&nbsp;<\/p>\n<p>notez que Ren\u00e9 indique encore qu&rsquo;il fait partie de la 6e compagnie de Ohrdruf, prisonnier n\u00b0158.<\/p>\n<p>&nbsp;<\/p>\n<p><img loading=\"lazy\" decoding=\"async\" class=\"aligncenter size-full wp-image-3319\" src=\"http:\/\/cpl14.fr\/wp-content\/uploads\/2018\/02\/T10.4-R-16.7.2-Cassel-Netze-1.jpg\" alt=\"\" width=\"800\" height=\"525\" srcset=\"https:\/\/cpl14.fr\/wp-content\/uploads\/2018\/02\/T10.4-R-16.7.2-Cassel-Netze-1.jpg 800w, https:\/\/cpl14.fr\/wp-content\/uploads\/2018\/02\/T10.4-R-16.7.2-Cassel-Netze-1-300x197.jpg 300w, https:\/\/cpl14.fr\/wp-content\/uploads\/2018\/02\/T10.4-R-16.7.2-Cassel-Netze-1-768x504.jpg 768w\" sizes=\"auto, (max-width: 800px) 100vw, 800px\" \/><\/p>\n<p style=\"text-align: center;\">censure du bureau de poste du camp de Cassel,<\/p>\n<p style=\"text-align: center;\"><strong>censure et sortie de F.a.du bureau de poste du camp de Cassel\u00a0<\/strong>(en bleu)<br \/>\nTAD poste civile de Niederzwehren (annexe de Cassel) <strong>avec hachures<\/strong>, TAD de distribution de Routot<\/p>\n<p>&nbsp;<\/p>\n<p>Ici, Ren\u00e9 indique sa nouvelle affectation: 7e Compagnie, num\u00e9ro de prisonnier 42\/18<\/p>\n<p>&nbsp;<\/p>\n<p><img loading=\"lazy\" decoding=\"async\" class=\"aligncenter size-large wp-image-3320\" src=\"http:\/\/cpl14.fr\/wp-content\/uploads\/2018\/02\/T10.6-R-16.7.16-Netze.jpg\" alt=\"\" width=\"800\" height=\"514\" srcset=\"https:\/\/cpl14.fr\/wp-content\/uploads\/2018\/02\/T10.6-R-16.7.16-Netze.jpg 800w, https:\/\/cpl14.fr\/wp-content\/uploads\/2018\/02\/T10.6-R-16.7.16-Netze-300x193.jpg 300w, https:\/\/cpl14.fr\/wp-content\/uploads\/2018\/02\/T10.6-R-16.7.16-Netze-768x493.jpg 768w\" sizes=\"auto, (max-width: 800px) 100vw, 800px\" \/><\/p>\n<p style=\"text-align: center;\">date d&rsquo;entr\u00e9e en F.a, censure et sortie de F.a.du bureau de poste du camp de Cassel,<br \/>\nTAD poste civile de Niederzwehren (annexe de Cassel) <strong>sans hachures<\/strong>, TAD de distribution de Routot<\/p>\n<p>&nbsp;<\/p>\n<h2>Le Camp de Cassel-Niederzwehren (mai 1916-juin 1918):<\/h2>\n<p><img loading=\"lazy\" decoding=\"async\" class=\"aligncenter size-full wp-image-3327\" src=\"http:\/\/cpl14.fr\/wp-content\/uploads\/2018\/02\/niederzwehren.jpg\" alt=\"\" width=\"800\" height=\"450\" srcset=\"https:\/\/cpl14.fr\/wp-content\/uploads\/2018\/02\/niederzwehren.jpg 800w, https:\/\/cpl14.fr\/wp-content\/uploads\/2018\/02\/niederzwehren-300x169.jpg 300w, https:\/\/cpl14.fr\/wp-content\/uploads\/2018\/02\/niederzwehren-768x432.jpg 768w, https:\/\/cpl14.fr\/wp-content\/uploads\/2018\/02\/niederzwehren-678x381.jpg 678w\" sizes=\"auto, (max-width: 800px) 100vw, 800px\" \/><\/p>\n<p>Le camp de Cassel est compos\u00e9 en r\u00e9alit\u00e9 du camp de Niederzwehren et de 2 petits camps annexes situ\u00e9s dans la ville de Cassel: B\u00fcrgerschule et Philosophenweg. Cassel comportait \u00e9galement 2 p\u00e9nitenciers : Wehlheiden (p\u00e9riph\u00e9rie de Cassel) et Fulda (\u00e0 100km au sud).<\/p>\n<p>On peut souvent lire que \u00ab\u00a0<em>les prisonniers de guerre \u00e9taient log\u00e9s sous des tentes<\/em>\u00ab\u00a0. Ce fut le cas au d\u00e9but du camp, comme pour beaucoup de camps qui ont \u00e9t\u00e9 construits par les prisonniers eux-m\u00eames! Selon\u00a0Klaus Wiedemann,\u00a0 dans ses m\u00e9moires \u00ab\u00a0La Premi\u00e8re Guerre mondiale du point de vue d&rsquo;un Kasseler Obersch\u00fclers, 1914-1918\u00a0\u00bb:<\/p>\n<p>\u00ab\u00a0&#8230;<em>En raison des nombreuses batailles en France, en Belgique et en Russie, nous avions fait un grand nombre de prisonniers. Ceux-ci \u00e9taient maintenant log\u00e9s dans des camps de prisonniers. Aussi pr\u00e8s de ma ville natale a \u00e9t\u00e9 \u00e9tabli, \u00e0 Niederzwehren, \u00e0 deux heures de Kassel, un camp de prisonniers construit juste apr\u00e8s le d\u00e9but de la guerre. De loin, vous pouviez d\u00e9j\u00e0 le voir, parce que c&rsquo;est sur une colline &#8230; Le camp a \u00e9t\u00e9 construit pour seulement 20 000 prisonniers. Plus tard, il a \u00e9t\u00e9 agrandi pour 30 000. L&rsquo;ensemble du camp de prisonniers est entour\u00e9 d&rsquo;une triple cl\u00f4ture, dont celle du milieu \u00e9tait \u00e9lectrifi\u00e9e afin qu&rsquo;aucun prisonnier ne puisse s&rsquo;\u00e9vader. Comme il y avait une p\u00e9nurie de main-d&rsquo;\u0153uvre, la cl\u00f4ture a du \u00eatre construite par les prisonniers.<\/em><br \/>\n<em>Une fois ce travail fait, ils ont d\u00fb construire les baraques, qui \u00e9taient en partie en bois ou en toile&#8230; chaque jour de nouveaux prisonniers arrivaient, il fallut donc construire de nouvelles baraques, de sorte que le camp de prisonniers ressembla bient\u00f4t \u00e0 une ville&#8230;\u00a0\u00bb<\/em><\/p>\n<p>Ce camp a connu deux \u00e9pid\u00e9mies de typhus en 1915, d&rsquo;o\u00f9 le surnom de \u00ab\u00a0camp de la mort\u00a0\u00bb, il y eu entre 1300 et 3000 d\u00e9c\u00e8s (selon des Allemands ou selon les donn\u00e9es \u00ab\u00a0\u00e9trang\u00e8res\u00a0\u00bb). Il y avait 30 places de latrines&#8230; une simple poutre au-dessus d&rsquo;une tranch\u00e9e&#8230; pour 19 000 prisonniers!<\/p>\n<p>Il y a de tr\u00e8s nombreux Kommandos rattach\u00e9s \u00e0\u00a0 Niederzwehren:\u00a0 2 500 dont 276 fermes, 148 fabriques, 14 mines de sels de potasse, charbon, mangan\u00e8se, argile (Cf: www.lencrierdupoilu.free.fr).<\/p>\n<p>Dans\u00a0la correspondance de Ren\u00e9, nous avons trouv\u00e9 3 mod\u00e8les de \u00ab\u00a0Feldpostkarte\u00a0\u00bb, avec des variantes de num\u00e9ro d&rsquo;impression, ce qui repr\u00e9sente 6 mod\u00e8les diff\u00e9rents, mais nous avons recens\u00e9 10 mod\u00e8les pour ce camp entre juin 1915 et novembre 1918.<\/p>\n<p>&nbsp;<\/p>\n<h3>Mod\u00e8le 11: vu entre octobre 1916 et\u00a0 septembre 1917 (18 cartes *)<\/h3>\n<p>*: vari\u00e9t\u00e9s dans les n\u00b0 d&rsquo;impression de la marque d&rsquo;\u00e9diteur<\/p>\n<ul>\n<li>Mod\u00e8le 11A: 10 cartes avec\u00a0 n\u00b0 de s\u00e9rie 2815, de octobre 1916 \u00e0 avril 1917<\/li>\n<li>Mod\u00e8le 11B: 8 cartes\u00a0avec n\u00b0 de s\u00e9rie 8433, de avril 1917 \u00e0 septembre 1917<\/li>\n<\/ul>\n<p><img loading=\"lazy\" decoding=\"async\" class=\"aligncenter size-full wp-image-3328\" src=\"http:\/\/cpl14.fr\/wp-content\/uploads\/2018\/02\/editeur.jpg\" alt=\"\" width=\"200\" height=\"177\" \/><\/p>\n<p style=\"text-align: center;\">n\u00b0 de s\u00e9rie, en bas \u00e0 gauche des recto des cartes<\/p>\n<h5>10 d\u00e9cembre 1916<\/h5>\n<p><img loading=\"lazy\" decoding=\"async\" class=\"aligncenter size-full wp-image-3329\" src=\"http:\/\/cpl14.fr\/wp-content\/uploads\/2018\/02\/T11.3-R-16.12.10-Netze-1.jpg\" alt=\"\" width=\"800\" height=\"531\" srcset=\"https:\/\/cpl14.fr\/wp-content\/uploads\/2018\/02\/T11.3-R-16.12.10-Netze-1.jpg 800w, https:\/\/cpl14.fr\/wp-content\/uploads\/2018\/02\/T11.3-R-16.12.10-Netze-1-300x199.jpg 300w, https:\/\/cpl14.fr\/wp-content\/uploads\/2018\/02\/T11.3-R-16.12.10-Netze-1-768x510.jpg 768w\" sizes=\"auto, (max-width: 800px) 100vw, 800px\" \/><\/p>\n<p style=\"text-align: center;\">mod\u00e8le 11A, n\u00b0 de s\u00e9rie 2815, d\u00e9cembre 1916-janvier 1917<\/p>\n<p style=\"text-align: center;\"><strong>Feldpostkarte , Kriegsgefangenensendung<\/strong> sur 2 lignes<\/p>\n<p style=\"text-align: center;\">Ce c\u00f4t\u00e9 est exclusivement r\u00e9serv\u00e9 \u00e0 l&rsquo;adresse <strong>en lettre b\u00e2ton<\/strong><\/p>\n<p style=\"text-align: center;\">censure et sortie de F.a.du bureau de poste du camp de Cassel<strong> (en violet)<\/strong><\/p>\n<p>&nbsp;<\/p>\n<p><img loading=\"lazy\" decoding=\"async\" class=\"aligncenter size-full wp-image-3331\" src=\"http:\/\/cpl14.fr\/wp-content\/uploads\/2018\/02\/T11.2-12-V-16.11.3.jpg\" alt=\"\" width=\"800\" height=\"529\" srcset=\"https:\/\/cpl14.fr\/wp-content\/uploads\/2018\/02\/T11.2-12-V-16.11.3.jpg 800w, https:\/\/cpl14.fr\/wp-content\/uploads\/2018\/02\/T11.2-12-V-16.11.3-300x198.jpg 300w, https:\/\/cpl14.fr\/wp-content\/uploads\/2018\/02\/T11.2-12-V-16.11.3-768x508.jpg 768w\" sizes=\"auto, (max-width: 800px) 100vw, 800px\" \/><\/p>\n<p style=\"text-align: center;\">Camp des prisonniers de guerre de <strong>Cassel<\/strong> (lettres avec s\u00e9rif)<\/p>\n<p style=\"text-align: center;\">dos commun aux mod\u00e8les 11A, 11B, 13A, 13B et 13C<\/p>\n<p style=\"text-align: center;\"><strong>Indication du N\u00b0 de D\u00e9tachement<\/strong><\/p>\n<p style=\"text-align: center;\"><em>(ces cartes existent aussi pour prisonniers restant au camp, donc sans la mention N\u00b0 D\u00e9tachement)<\/em><\/p>\n<p>&nbsp;<\/p>\n<h5>11 mars 1917<\/h5>\n<p><img loading=\"lazy\" decoding=\"async\" class=\"size-full wp-image-3338 aligncenter\" src=\"http:\/\/cpl14.fr\/wp-content\/uploads\/2018\/02\/T4.4-R-17.3.11-Netze.jpg\" alt=\"\" width=\"800\" height=\"541\" srcset=\"https:\/\/cpl14.fr\/wp-content\/uploads\/2018\/02\/T4.4-R-17.3.11-Netze.jpg 800w, https:\/\/cpl14.fr\/wp-content\/uploads\/2018\/02\/T4.4-R-17.3.11-Netze-300x203.jpg 300w, https:\/\/cpl14.fr\/wp-content\/uploads\/2018\/02\/T4.4-R-17.3.11-Netze-768x519.jpg 768w\" sizes=\"auto, (max-width: 800px) 100vw, 800px\" \/><\/p>\n<p style=\"text-align: center;\">mod\u00e8le 11A, n\u00b0 de s\u00e9rie 2815, mars 1917<br \/>\ncensure et sortie de F.a.du bureau de poste du camp de Cassel<strong> (en noir)<\/strong><\/p>\n<p>&nbsp;<\/p>\n<h3>Mod\u00e8le 12: vu entre septembre et novembre 1917 (5 cartes)<\/h3>\n<p>cartes sans marque d&rsquo;\u00e9diteur et sans n\u00b0 d&rsquo;impression<\/p>\n<h5>9 septembre 1917<\/h5>\n<p><img loading=\"lazy\" decoding=\"async\" class=\"aligncenter size-full wp-image-3332\" src=\"http:\/\/cpl14.fr\/wp-content\/uploads\/2018\/02\/T7.3-R-17.10.14-Netze.jpg\" alt=\"\" width=\"800\" height=\"526\" srcset=\"https:\/\/cpl14.fr\/wp-content\/uploads\/2018\/02\/T7.3-R-17.10.14-Netze.jpg 800w, https:\/\/cpl14.fr\/wp-content\/uploads\/2018\/02\/T7.3-R-17.10.14-Netze-300x197.jpg 300w, https:\/\/cpl14.fr\/wp-content\/uploads\/2018\/02\/T7.3-R-17.10.14-Netze-768x505.jpg 768w\" sizes=\"auto, (max-width: 800px) 100vw, 800px\" \/><\/p>\n<p style=\"text-align: center;\"><strong>Feldpostkarte , Kriegsgefangenensendung<\/strong> et<\/p>\n<p style=\"text-align: center;\"><strong>Ce c\u00f4t\u00e9 est exclusivement reserv\u00e9 \u00e0 l&rsquo;adresse.<\/strong> en caract\u00e8res diff\u00e9rents<\/p>\n<p>&nbsp;<\/p>\n<h5>14 octobre 1917<\/h5>\n<p><img loading=\"lazy\" decoding=\"async\" class=\"aligncenter size-large wp-image-3333\" src=\"http:\/\/cpl14.fr\/wp-content\/uploads\/2018\/02\/T7.3-V-17.10.14.jpg\" alt=\"\" width=\"800\" height=\"530\" srcset=\"https:\/\/cpl14.fr\/wp-content\/uploads\/2018\/02\/T7.3-V-17.10.14.jpg 800w, https:\/\/cpl14.fr\/wp-content\/uploads\/2018\/02\/T7.3-V-17.10.14-300x199.jpg 300w, https:\/\/cpl14.fr\/wp-content\/uploads\/2018\/02\/T7.3-V-17.10.14-768x509.jpg 768w\" sizes=\"auto, (max-width: 800px) 100vw, 800px\" \/><\/p>\n<p style=\"text-align: center;\"><strong>Camp des prisonniers de guerre de Cassel<\/strong> (caract\u00e8res diff\u00e9rents et Cassel sans s\u00e9rif)<\/p>\n<p>&nbsp;<\/p>\n<p>Ren\u00e9 indique son num\u00e9ro de d\u00e9tachement (kommando): 2436, ce qui permet de le localiser&#8230; il est toujours \u00e0 Nietze.<\/p>\n<p>&nbsp;<\/p>\n<h3>Mod\u00e8le 13: vu entre d\u00e9cembre 1917 et juin 1918 (5 cartes *)<\/h3>\n<p>*: vari\u00e9t\u00e9s dans les n\u00b0 d&rsquo;impression de la marque d&rsquo;\u00e9diteur<\/p>\n<ul>\n<li>Mod\u00e8le 13A: 1 carte avec\u00a0n\u00b0 de s\u00e9rie 4417, de novembre 1917<\/li>\n<li>Mod\u00e8le 13B: 2 cartes avec n\u00b0 de s\u00e9rie 3875, de d\u00e9cembre 1917 \u00e0 f\u00e9vrier 1918<\/li>\n<li>Mod\u00e8le 13C: 2 cartes avec n\u00b0 de s\u00e9rie 4198, de avril 1918 \u00e0 juin 1918<\/li>\n<\/ul>\n<p>&nbsp;<\/p>\n<h5 style=\"text-align: left;\">24 f\u00e9vrier 1918<\/h5>\n<p style=\"text-align: center;\"><img loading=\"lazy\" decoding=\"async\" class=\"size-full wp-image-3336 aligncenter\" src=\"http:\/\/cpl14.fr\/wp-content\/uploads\/2018\/02\/T8.2-R-18.2.24.jpg\" alt=\"\" width=\"800\" height=\"517\" srcset=\"https:\/\/cpl14.fr\/wp-content\/uploads\/2018\/02\/T8.2-R-18.2.24.jpg 800w, https:\/\/cpl14.fr\/wp-content\/uploads\/2018\/02\/T8.2-R-18.2.24-300x194.jpg 300w, https:\/\/cpl14.fr\/wp-content\/uploads\/2018\/02\/T8.2-R-18.2.24-768x496.jpg 768w\" sizes=\"auto, (max-width: 800px) 100vw, 800px\" \/>mod\u00e8le 13B, n\u00b0 de s\u00e9rie 3875, mars 1918<br \/>\n<strong>Kriegsgefangenen &#8211; Sendung<\/strong> (sans Feldpost)<br \/>\nCe c\u00f4t\u00e9 est exclusivement r\u00e9serv\u00e9 \u00e0 l&rsquo;adresse <strong>en lettre b\u00e2ton<\/strong><\/p>\n<p style=\"text-align: center;\">censure et sortie de F.a.du bureau de poste du camp de Cassel <strong>(en lilas)<\/strong><\/p>\n<p style=\"text-align: center;\">TAD poste civile de Cassel, TAD de distribution de Routot<\/p>\n<p>&nbsp;<\/p>\n<p style=\"text-align: center;\"><img loading=\"lazy\" decoding=\"async\" class=\"aligncenter size-full wp-image-3337\" src=\"http:\/\/cpl14.fr\/wp-content\/uploads\/2018\/02\/T8.2-V-18.2.24.jpg\" alt=\"\" width=\"800\" height=\"509\" srcset=\"https:\/\/cpl14.fr\/wp-content\/uploads\/2018\/02\/T8.2-V-18.2.24.jpg 800w, https:\/\/cpl14.fr\/wp-content\/uploads\/2018\/02\/T8.2-V-18.2.24-300x191.jpg 300w, https:\/\/cpl14.fr\/wp-content\/uploads\/2018\/02\/T8.2-V-18.2.24-768x489.jpg 768w\" sizes=\"auto, (max-width: 800px) 100vw, 800px\" \/>dos commun aux mod\u00e8les 11A, 11B, 13A, 13B et 13C<\/p>\n<p>&nbsp;<\/p>\n<p>Ren\u00e9 indique qu&rsquo;il est au d\u00e9tachement 664. Il y est depuis novembre 1917 (kommando non localis\u00e9e), et il y restera jusqu&rsquo;\u00e0 sa lib\u00e9ration fin juin 1918.<\/p>\n<p>&nbsp;<\/p>\n<h5>12 mai 1918<\/h5>\n<p><img loading=\"lazy\" decoding=\"async\" class=\"aligncenter size-full wp-image-3339\" src=\"http:\/\/cpl14.fr\/wp-content\/uploads\/2018\/02\/T8.4-R-18.5.12.jpg\" alt=\"\" width=\"800\" height=\"521\" srcset=\"https:\/\/cpl14.fr\/wp-content\/uploads\/2018\/02\/T8.4-R-18.5.12.jpg 800w, https:\/\/cpl14.fr\/wp-content\/uploads\/2018\/02\/T8.4-R-18.5.12-300x195.jpg 300w, https:\/\/cpl14.fr\/wp-content\/uploads\/2018\/02\/T8.4-R-18.5.12-768x500.jpg 768w\" sizes=\"auto, (max-width: 800px) 100vw, 800px\" \/><\/p>\n<p style=\"text-align: center;\">date d&rsquo;entr\u00e9e en F.a,<\/p>\n<p style=\"text-align: center;\">censure du bureau de poste du camp de Cassel <strong>avec N\u00b0, <\/strong>sortie de F.a. simple cercle <strong>(en lilas)<\/strong> ,<br \/>\n<strong>Oblit\u00e9ration m\u00e9canique poste civile de Cassel<\/strong><\/p>\n<p style=\"text-align: right;\"><a href=\"http:\/\/cpl14.fr\/?p=3343\">\u00e0 Suivre&#8230;<\/a><\/p>\n","protected":false},"excerpt":{"rendered":"<div class=\"mh-excerpt\"><p>Les camps et camps annexes (d\u00e9tachements) ont chacun un mod\u00e8le de carte-postale, et ce mod\u00e8le change tr\u00e8s souvent. Comme il y a environ 700 camps, <a class=\"mh-excerpt-more\" href=\"https:\/\/cpl14.fr\/?p=3283\" title=\"La Vache et Le Prisonnier (3), les cartes \u00ab\u00a0Kriegsgefangenen-Sendung\u00a0\u00bb\">[&#8230;]<\/a><\/p>\n<\/div>","protected":false},"author":1,"featured_media":3326,"comment_status":"open","ping_status":"open","sticky":false,"template":"","format":"standard","meta":{"footnotes":""},"categories":[16,17],"tags":[166,168,164,170,169,167,165],"class_list":["post-3283","post","type-post","status-publish","format-standard","has-post-thumbnail","hentry","category-cartes-postales","category-histoire-postale-et-marcophilie","tag-allemagne","tag-cassel","tag-feldpost","tag-langensalza","tag-niederzwehren","tag-ohrdruf","tag-prisonnier"],"_links":{"self":[{"href":"https:\/\/cpl14.fr\/index.php?rest_route=\/wp\/v2\/posts\/3283","targetHints":{"allow":["GET"]}}],"collection":[{"href":"https:\/\/cpl14.fr\/index.php?rest_route=\/wp\/v2\/posts"}],"about":[{"href":"https:\/\/cpl14.fr\/index.php?rest_route=\/wp\/v2\/types\/post"}],"author":[{"embeddable":true,"href":"https:\/\/cpl14.fr\/index.php?rest_route=\/wp\/v2\/users\/1"}],"replies":[{"embeddable":true,"href":"https:\/\/cpl14.fr\/index.php?rest_route=%2Fwp%2Fv2%2Fcomments&post=3283"}],"version-history":[{"count":10,"href":"https:\/\/cpl14.fr\/index.php?rest_route=\/wp\/v2\/posts\/3283\/revisions"}],"predecessor-version":[{"id":6795,"href":"https:\/\/cpl14.fr\/index.php?rest_route=\/wp\/v2\/posts\/3283\/revisions\/6795"}],"wp:featuredmedia":[{"embeddable":true,"href":"https:\/\/cpl14.fr\/index.php?rest_route=\/wp\/v2\/media\/3326"}],"wp:attachment":[{"href":"https:\/\/cpl14.fr\/index.php?rest_route=%2Fwp%2Fv2%2Fmedia&parent=3283"}],"wp:term":[{"taxonomy":"category","embeddable":true,"href":"https:\/\/cpl14.fr\/index.php?rest_route=%2Fwp%2Fv2%2Fcategories&post=3283"},{"taxonomy":"post_tag","embeddable":true,"href":"https:\/\/cpl14.fr\/index.php?rest_route=%2Fwp%2Fv2%2Ftags&post=3283"}],"curies":[{"name":"wp","href":"https:\/\/api.w.org\/{rel}","templated":true}]}}