{"id":4477,"date":"2020-01-10T08:00:01","date_gmt":"2020-01-10T07:00:01","guid":{"rendered":"http:\/\/cpl14.fr\/?p=4477"},"modified":"2020-02-22T16:45:45","modified_gmt":"2020-02-22T15:45:45","slug":"italiefrance-la-voie-des-alpes","status":"publish","type":"post","link":"https:\/\/cpl14.fr\/?p=4477","title":{"rendered":"Italie\/France: La voie des Alpes"},"content":{"rendered":"<p><span style=\"color: #ff0000;\">Mise \u00e0 jour le 22 f\u00e9vrier 2020: ajout en milieu d&rsquo;article, titre: le 22 f\u00e9vrier 2020<br \/>\n<\/span><\/p>\n<p>Il est courant de penser que les lettres venant d&rsquo;Italie passent pour la plupart par Vintimille puis le PLM de Marseille \u00e0 Paris. Ce parcours qui est un grand standard postal fait souvent oublier que tout le nord de l&rsquo;Italie a d&rsquo;autres moyens plus courts pour rejoindre la France : il suffit de traverser les Alpes !<\/p>\n<p>Ceci se fait depuis bien longtemps et, nous le montrerons ensuite, est plus facile \u00e0 illustrer postalement au XIXe si\u00e8cle que dans le courrier moderne.<\/p>\n<p style=\"text-align: left;\">La lettre que nous pr\u00e9sentons ici, est une enveloppe de ERCOLE GLORIA (*: voir note 1) \u00e0 Turin (deux timbres sont perfor\u00e9s C.V. ?). Affranchissement de lettre recommand\u00e9e \u00e0 2,50 lires:<br \/>\n&#8211; Humbert 1er 75c rouge n\u00b0183 x2 (perfor\u00e9s C.V)<br \/>\n&#8211; Victor Emmanuel III 20c lilas brun n\u00b0179<br \/>\n&#8211; A.Volta (Centenaire) 20c rouge n\u00b0196 et 60c brun n\u00b0198<br \/>\nOblit\u00e9ration du Tad sp\u00e9cial des recommand\u00e9s: TORINO CENTRO \/ * RACCOMAN * (Date \u00e0 pont) 8.7.1927<\/p>\n<p><img loading=\"lazy\" decoding=\"async\" class=\"alignnone size-full wp-image-4478 aligncenter\" src=\"http:\/\/cpl14.fr\/wp-content\/uploads\/2018\/11\/20181117_152842.jpg\" alt=\"\" width=\"900\" height=\"715\" srcset=\"https:\/\/cpl14.fr\/wp-content\/uploads\/2018\/11\/20181117_152842.jpg 900w, https:\/\/cpl14.fr\/wp-content\/uploads\/2018\/11\/20181117_152842-300x238.jpg 300w, https:\/\/cpl14.fr\/wp-content\/uploads\/2018\/11\/20181117_152842-768x610.jpg 768w\" sizes=\"auto, (max-width: 900px) 100vw, 900px\" \/><br \/>\n<img loading=\"lazy\" decoding=\"async\" class=\"alignnone size-full wp-image-4479 aligncenter\" src=\"http:\/\/cpl14.fr\/wp-content\/uploads\/2018\/11\/20181117_152926.jpg\" alt=\"\" width=\"900\" height=\"718\" srcset=\"https:\/\/cpl14.fr\/wp-content\/uploads\/2018\/11\/20181117_152926.jpg 900w, https:\/\/cpl14.fr\/wp-content\/uploads\/2018\/11\/20181117_152926-300x239.jpg 300w, https:\/\/cpl14.fr\/wp-content\/uploads\/2018\/11\/20181117_152926-768x613.jpg 768w\" sizes=\"auto, (max-width: 900px) 100vw, 900px\" \/><\/p>\n<p>Apr\u00e8s avoir v\u00e9rifi\u00e9 toutes nos lettres venant de Turin vers la France, m\u00eame archive, ou autres, nous avons constat\u00e9 qu&rsquo;aucun \u00e9l\u00e9ment postal probant ne permet d&rsquo;identifier le trajet des lettres \u00e0 cette \u00e9poque, toutes voyageant \u00ab\u00a0sous d\u00e9p\u00eache\u00a0\u00bb jusqu&rsquo;\u00e0 destination!<br \/>\nIl semble de simple observation que seules les recommand\u00e9es (et nous supposons les Charg\u00e9es) circulaient \u00ab\u00a0\u00e0 d\u00e9couvert\u00a0\u00bb.<br \/>\nLes timbres \u00e0 date du verso nous renseignent:<br \/>\n&#8211; (B) TORINO FERROVIA (B) \/ RACCOMANDATE<br \/>\nbureau particulier des recommand\u00e9s en Gare de Turin<br \/>\nLe B laissant supposer un A possible, peut-\u00eatre en fonction du pays de sortie ?<br \/>\n&#8211; AMB. TORINO.MODANE 177<br \/>\nCe 2e timbre \u00e0 date nous donne enfin le renseignement recherch\u00e9 LA VOIE DES ALPES par le tunnel du FREJUS dit aussi \u00ab\u00a0DU MONT CENIS\u00a0\u00bb.<\/p>\n<p><img loading=\"lazy\" decoding=\"async\" class=\"size-full wp-image-5095 aligncenter\" src=\"http:\/\/cpl14.fr\/wp-content\/uploads\/2019\/03\/20190504_090640_resized.jpg\" alt=\"\" width=\"900\" height=\"595\" srcset=\"https:\/\/cpl14.fr\/wp-content\/uploads\/2019\/03\/20190504_090640_resized.jpg 900w, https:\/\/cpl14.fr\/wp-content\/uploads\/2019\/03\/20190504_090640_resized-300x198.jpg 300w, https:\/\/cpl14.fr\/wp-content\/uploads\/2019\/03\/20190504_090640_resized-768x508.jpg 768w\" sizes=\"auto, (max-width: 900px) 100vw, 900px\" \/><br \/>\nC&rsquo;est le sujet qui nous int\u00e9resse ici. Ce tunnel relie l&rsquo;Italie directement \u00e0 la France, en Gare de Modane.<\/p>\n<p><img loading=\"lazy\" decoding=\"async\" class=\"size-full wp-image-5096 aligncenter\" src=\"http:\/\/cpl14.fr\/wp-content\/uploads\/2019\/03\/20190504_090707_resized.jpg\" alt=\"\" width=\"900\" height=\"575\" srcset=\"https:\/\/cpl14.fr\/wp-content\/uploads\/2019\/03\/20190504_090707_resized.jpg 900w, https:\/\/cpl14.fr\/wp-content\/uploads\/2019\/03\/20190504_090707_resized-300x192.jpg 300w, https:\/\/cpl14.fr\/wp-content\/uploads\/2019\/03\/20190504_090707_resized-768x491.jpg 768w\" sizes=\"auto, (max-width: 900px) 100vw, 900px\" \/><br \/>\nLes timbres \u00e0 date montrent que c&rsquo;est l&rsquo;ambulant qui constitue la d\u00e9p\u00eache, qui ne sera plus ouverte jusqu&rsquo;\u00e0 destination (les autres indications de manipulation postale ne sont plus connues puisqu&rsquo;elles se trouvent sur l&rsquo;enveloppe close de d\u00e9p\u00eache).<br \/>\n&#8211; LE BREUIL-EN-AUGE distribution le 11 (matin)<\/p>\n<p style=\"text-align: left;\"><em>note 1*:<\/em><br \/>\n<em>Le nom de Ercole GLORIA est celui d&rsquo;un n\u00e9gociant en Philat\u00e9lie install\u00e9 \u00e0 Milan. Cette maison \u00e9tait- elle \u00e0 Turin en 1927? <\/em><br \/>\n<em>Un lecteur peut-il nous \u00e9clairer sur la perforation ?<\/em><\/p>\n<p><img loading=\"lazy\" decoding=\"async\" class=\"alignnone size-full wp-image-4490 aligncenter\" src=\"http:\/\/cpl14.fr\/wp-content\/uploads\/2018\/11\/20181123_152949.jpg\" alt=\"\" width=\"204\" height=\"246\" \/><\/p>\n<p>&nbsp;<\/p>\n<h4>Le tunnel du MONT-CENIS<\/h4>\n<p>Vous trouverez sur Wikipedia tous les renseignements utiles (nous n&rsquo;avons pas habitude de recopier ce qui est d\u00e9j\u00e0 \u00e9crit) simple r\u00e9sum\u00e9 chronologique.<br \/>\n&#8211; 1er projet 1839 (Ing\u00e9nieur Medail)<br \/>\n&#8211; d\u00e9cision 1857 (Victor Emmanuel II)<br \/>\n&#8211; Inauguration 1871<\/p>\n<p><img loading=\"lazy\" decoding=\"async\" class=\"size-full wp-image-5098 aligncenter\" src=\"http:\/\/cpl14.fr\/wp-content\/uploads\/2019\/03\/20190504_090905_resized.jpg\" alt=\"\" width=\"900\" height=\"576\" srcset=\"https:\/\/cpl14.fr\/wp-content\/uploads\/2019\/03\/20190504_090905_resized.jpg 900w, https:\/\/cpl14.fr\/wp-content\/uploads\/2019\/03\/20190504_090905_resized-300x192.jpg 300w, https:\/\/cpl14.fr\/wp-content\/uploads\/2019\/03\/20190504_090905_resized-768x492.jpg 768w\" sizes=\"auto, (max-width: 900px) 100vw, 900px\" \/><br \/>\n&#8211; entre temps, annexion de la Savoie 1860, et cr\u00e9ation de l&rsquo;Italie 1861, rendent ce tunnel \u00ab\u00a0international\u00a0\u00bb.<\/p>\n<p><img loading=\"lazy\" decoding=\"async\" class=\"size-full wp-image-5097 aligncenter\" src=\"http:\/\/cpl14.fr\/wp-content\/uploads\/2019\/03\/20190504_090755_resized.jpg\" alt=\"\" width=\"900\" height=\"597\" srcset=\"https:\/\/cpl14.fr\/wp-content\/uploads\/2019\/03\/20190504_090755_resized.jpg 900w, https:\/\/cpl14.fr\/wp-content\/uploads\/2019\/03\/20190504_090755_resized-300x199.jpg 300w, https:\/\/cpl14.fr\/wp-content\/uploads\/2019\/03\/20190504_090755_resized-768x509.jpg 768w\" sizes=\"auto, (max-width: 900px) 100vw, 900px\" \/><\/p>\n<p><img loading=\"lazy\" decoding=\"async\" class=\"size-full wp-image-5099 aligncenter\" src=\"http:\/\/cpl14.fr\/wp-content\/uploads\/2019\/03\/20190504_090830_resized.jpg\" alt=\"\" width=\"900\" height=\"612\" srcset=\"https:\/\/cpl14.fr\/wp-content\/uploads\/2019\/03\/20190504_090830_resized.jpg 900w, https:\/\/cpl14.fr\/wp-content\/uploads\/2019\/03\/20190504_090830_resized-300x204.jpg 300w, https:\/\/cpl14.fr\/wp-content\/uploads\/2019\/03\/20190504_090830_resized-768x522.jpg 768w\" sizes=\"auto, (max-width: 900px) 100vw, 900px\" \/><\/p>\n<div>Pour en savoir plus sur la construction du tunnel et ses techniques voici une jolie r\u00e9f\u00e9rence :<\/div>\n<div><img loading=\"lazy\" decoding=\"async\" class=\"size-full wp-image-5100 aligncenter\" src=\"http:\/\/cpl14.fr\/wp-content\/uploads\/2019\/03\/20190504_091001.jpg\" alt=\"\" width=\"556\" height=\"800\" srcset=\"https:\/\/cpl14.fr\/wp-content\/uploads\/2019\/03\/20190504_091001.jpg 556w, https:\/\/cpl14.fr\/wp-content\/uploads\/2019\/03\/20190504_091001-209x300.jpg 209w\" sizes=\"auto, (max-width: 556px) 100vw, 556px\" \/><\/div>\n<div style=\"text-align: center;\">\u00c9dition Alfred MAME et fils, Tours 1890<\/div>\n<div style=\"text-align: center;\">Cet ouvrage contient aussi un important chapitre sur la construction du SAINT GOTHARD .<\/div>\n<p>Wikipedia fournit \u00e9galement une jolie galerie d&rsquo;images sur le tunnel et des gravures des travaux de construction. Fid\u00e8les \u00e0 nos habitudes nous ne donnons ici que des images en notre possession:<\/p>\n<p><img loading=\"lazy\" decoding=\"async\" class=\"alignnone size-full wp-image-4480 aligncenter\" src=\"http:\/\/cpl14.fr\/wp-content\/uploads\/2018\/11\/20181123_063222.jpg\" alt=\"\" width=\"514\" height=\"800\" srcset=\"https:\/\/cpl14.fr\/wp-content\/uploads\/2018\/11\/20181123_063222.jpg 514w, https:\/\/cpl14.fr\/wp-content\/uploads\/2018\/11\/20181123_063222-193x300.jpg 193w\" sizes=\"auto, (max-width: 514px) 100vw, 514px\" \/><\/p>\n<p style=\"text-align: center;\">Tunnel du Mont-Cenis entr\u00e9e actuelle (carte dat\u00e9e 1918)<\/p>\n<p style=\"text-align: left;\">texte: \u00ab\u00a0Je te prie de conserver cette carte pour que je puisse t&rsquo;expliquer quelque chose au sujet de l&rsquo;entr\u00e9e du tunnel\u00a0\u00bb &#8230; sur la petite cabane de la vue il a aussi \u00e9crit\u00a0 \u00ab\u00a0St Michel\u00a0\u00bb pour indiquer que cette vue du tunnel est le c\u00f4t\u00e9 fran\u00e7ais (St Michel, devenue St Michel de Maurienne en 1953, est la 1e station travers\u00e9e par la ligne, en France, avant Modane.<\/p>\n<p><img loading=\"lazy\" decoding=\"async\" class=\"alignnone size-full wp-image-4481 aligncenter\" src=\"http:\/\/cpl14.fr\/wp-content\/uploads\/2018\/11\/20181123_063303.jpg\" alt=\"\" width=\"800\" height=\"501\" srcset=\"https:\/\/cpl14.fr\/wp-content\/uploads\/2018\/11\/20181123_063303.jpg 800w, https:\/\/cpl14.fr\/wp-content\/uploads\/2018\/11\/20181123_063303-300x188.jpg 300w, https:\/\/cpl14.fr\/wp-content\/uploads\/2018\/11\/20181123_063303-768x481.jpg 768w\" sizes=\"auto, (max-width: 800px) 100vw, 800px\" \/><\/p>\n<p style=\"text-align: center;\">Une vue de la GARE DE MODANE (Carte postale ayant voyag\u00e9 en 1903)<\/p>\n<p>Cette pr\u00e9sentation n&rsquo;est pas \u00ab\u00a0une \u00e9tude\u00a0\u00bb postale approfondie. Mais comme notre plaisir est d&rsquo;illustrer nous allons remonter au XIXe si\u00e8cle pour montrer quelques exemples (loin d&rsquo;\u00eatre exhaustifs ! Voyez bibliographie) de lettres italiennes venues en France par cette voie de Modane.<\/p>\n<p style=\"text-align: left;\">2 lettres de Turin, choisies pour leur agr\u00e9able graphisme, affranchies au tarif \u00e9tranger de 25c (de Lire) et oblit\u00e9r\u00e9es TURINO \u25a0 FERROVIA \u25a0 \u00ab\u00a0rond carr\u00e9\u00a0\u00bb (les anglais disent \u00ab\u00a0square circle\u00a0\u00bb) ne pr\u00e9sentant aucune trace de marquage postal de leur trajet. Voie directe dans la d\u00e9p\u00eache jusqu&rsquo;\u00e0 Paris.<\/p>\n<p><img loading=\"lazy\" decoding=\"async\" class=\"alignnone size-full wp-image-4483 aligncenter\" src=\"http:\/\/cpl14.fr\/wp-content\/uploads\/2018\/11\/20181123_092326.jpg\" alt=\"\" width=\"900\" height=\"707\" srcset=\"https:\/\/cpl14.fr\/wp-content\/uploads\/2018\/11\/20181123_092326.jpg 900w, https:\/\/cpl14.fr\/wp-content\/uploads\/2018\/11\/20181123_092326-300x236.jpg 300w, https:\/\/cpl14.fr\/wp-content\/uploads\/2018\/11\/20181123_092326-768x603.jpg 768w\" sizes=\"auto, (max-width: 900px) 100vw, 900px\" \/><br \/>\n<img loading=\"lazy\" decoding=\"async\" class=\"alignnone size-full wp-image-4484 aligncenter\" src=\"http:\/\/cpl14.fr\/wp-content\/uploads\/2018\/11\/20181123_092414.jpg\" alt=\"\" width=\"900\" height=\"727\" srcset=\"https:\/\/cpl14.fr\/wp-content\/uploads\/2018\/11\/20181123_092414.jpg 900w, https:\/\/cpl14.fr\/wp-content\/uploads\/2018\/11\/20181123_092414-300x242.jpg 300w, https:\/\/cpl14.fr\/wp-content\/uploads\/2018\/11\/20181123_092414-768x620.jpg 768w\" sizes=\"auto, (max-width: 900px) 100vw, 900px\" \/><\/p>\n<p>&nbsp;<\/p>\n<h4 style=\"text-align: left;\">Lettre de G\u00e8nes \u00ab\u00a0Genova\u00a0\u00bb ,<\/h4>\n<p><img loading=\"lazy\" decoding=\"async\" class=\"alignnone size-full wp-image-4487 aligncenter\" src=\"http:\/\/cpl14.fr\/wp-content\/uploads\/2018\/11\/20181123_101042.jpg\" alt=\"\" width=\"800\" height=\"519\" srcset=\"https:\/\/cpl14.fr\/wp-content\/uploads\/2018\/11\/20181123_101042.jpg 800w, https:\/\/cpl14.fr\/wp-content\/uploads\/2018\/11\/20181123_101042-300x195.jpg 300w, https:\/\/cpl14.fr\/wp-content\/uploads\/2018\/11\/20181123_101042-768x498.jpg 768w\" sizes=\"auto, (max-width: 800px) 100vw, 800px\" \/><\/p>\n<p style=\"text-align: left;\">au tarif de 40c pour la France en 1864 (30 septembre). Griffe PD = pay\u00e9 jusqu&rsquo;\u00e0 destination.<br \/>\nUn curieux parcours pour cette lettre qui va \u00e0 Marseille (Marsiglia) en traversant les Alpes !<br \/>\nTimbre \u00e0 date d&rsquo;entr\u00e9e par bureau ambulant, rouge<br \/>\nITALIE \/ AMB.M.-CENIS A du 1 Octobre 1864 (No\u00ebl n\u00b0 893) Ce Tad est appos\u00e9 par l&rsquo;ambulant fran\u00e7ais qui prend la lettre \u00e0 SAINT-JEAN-DE-MAURIENNE.<br \/>\nAu verso 3 cachets :<\/p>\n<p><img loading=\"lazy\" decoding=\"async\" class=\"alignnone size-full wp-image-4486 aligncenter\" src=\"http:\/\/cpl14.fr\/wp-content\/uploads\/2018\/11\/20181123_105213.jpg\" alt=\"\" width=\"463\" height=\"520\" srcset=\"https:\/\/cpl14.fr\/wp-content\/uploads\/2018\/11\/20181123_105213.jpg 463w, https:\/\/cpl14.fr\/wp-content\/uploads\/2018\/11\/20181123_105213-267x300.jpg 267w\" sizes=\"auto, (max-width: 463px) 100vw, 463px\" \/><br \/>\n. Peu lisible un tad d&rsquo;ambulant italien TORINO-SUSA (*:voir note 2) qui am\u00e8ne la lettre jusqu&rsquo;\u00e0 SUSE, c\u00f4t\u00e9 italien.<br \/>\n. Tad LYON A MARSEILLE 2\u00b0 \/ brigade F \/ jour (octogone au centre)<br \/>\n. Faible frappe Tad de distribution \u00e0 MARSEILLE 2.<\/p>\n<p>Important: A cette date pas de tunnel ouvert, la liaison Suse \u00e0 St Jean-de-Maurienne par le col est assur\u00e9e par Messagerie. (* voyez la carte)<br \/>\nLe courrier italien arrive \u00e0 Suse en soir\u00e9e, le service des Messageries passe le col de nuit ! (\u00c7a devait \u00eatre sportif!) . La voiture rejoint d&rsquo;abord Lans-le-Bourg, puis St Jean-de-Maurienne. A cette \u00e9poque l&rsquo;ambulant \u00ab\u00a0Paris \u00e0 Modane\u00a0\u00bb (appellation future que vous voyez plus bas dans notre sujet) ne va pas plus loin que St Jean ! Le trajet de Suse \u00e0 St Michel est de 87kms en 12 heures (En conditions climatiques \u00ab\u00a0normales\u00a0\u00bb).<br \/>\nLe col du Mont-Cenis se trouve \u00e0 27kms du tunnel inaugur\u00e9 en 1871 et qui rejoint directement Modane.<\/p>\n<p style=\"text-align: left;\">Pendant une p\u00e9riode interm\u00e9diaire, il faut noter aussi pour l&rsquo;historique du lieu, la mise en service d&rsquo;un train voie \u00e9troite de 1m10, dit FELL construit par MM. Brassey et Fell (Ing\u00e9nieur) qui fonctionna de 1868 \u00e0 1871 en \u00ab\u00a0escaladant\u00a0\u00bb le col le long de la route.<br \/>\nQuatre trains assurent chacun un aller-retour par jour, 25km\/heure en mont\u00e9e et 17 km\/heure en descente, 5 heures de trajet au lieu des 12h des messageries. Le service s&rsquo;arr\u00eate en 1871 \u00e0 l&rsquo;inauguration du tunnel. (La ligne fut d\u00e9mont\u00e9e).<br \/>\nNous tenons d&rsquo;autres d\u00e9tails, inutiles ici, et de beaux r\u00e9cits sur ce sujet sont \u00e0 d\u00e9couvrir sur Internet.<\/p>\n<p><img loading=\"lazy\" decoding=\"async\" class=\"alignnone size-full wp-image-4485 aligncenter\" src=\"http:\/\/cpl14.fr\/wp-content\/uploads\/2018\/11\/20181123_105137.jpg\" alt=\"\" width=\"900\" height=\"1110\" srcset=\"https:\/\/cpl14.fr\/wp-content\/uploads\/2018\/11\/20181123_105137.jpg 900w, https:\/\/cpl14.fr\/wp-content\/uploads\/2018\/11\/20181123_105137-243x300.jpg 243w, https:\/\/cpl14.fr\/wp-content\/uploads\/2018\/11\/20181123_105137-768x947.jpg 768w, https:\/\/cpl14.fr\/wp-content\/uploads\/2018\/11\/20181123_105137-830x1024.jpg 830w\" sizes=\"auto, (max-width: 900px) 100vw, 900px\" \/><\/p>\n<p style=\"text-align: center;\">carte Oberthur 1887, sont figur\u00e9s sur cette carte la ligne jusqu&rsquo;\u00e0 MODANE et le TUNNEL.<\/p>\n<p><em>note 2*:<\/em><\/p>\n<p><em>Susa en italien ou Suse en fran\u00e7ais: on voit souvent ce nom \u00e9crit Suze &#8230; qui est une faute et confusion avec une boisson \u00e0 la gentiane (bien connue des Trouvillais: Le fondateur de cette Compagnie, Fernand Moureaux fut au XXe si\u00e8cle un Maire g\u00e9n\u00e9reux et bienfaiteur de Trouville! ).<\/em><\/p>\n<p>&nbsp;<\/p>\n<h4 style=\"text-align: left;\">Lettre de Bergame \u00ab\u00a0Bergamo-Bagga\u00a0\u00bb<\/h4>\n<p><img loading=\"lazy\" decoding=\"async\" class=\"alignnone size-full wp-image-4488 aligncenter\" src=\"http:\/\/cpl14.fr\/wp-content\/uploads\/2018\/11\/20181123_095657.jpg\" alt=\"\" width=\"800\" height=\"526\" srcset=\"https:\/\/cpl14.fr\/wp-content\/uploads\/2018\/11\/20181123_095657.jpg 800w, https:\/\/cpl14.fr\/wp-content\/uploads\/2018\/11\/20181123_095657-300x197.jpg 300w, https:\/\/cpl14.fr\/wp-content\/uploads\/2018\/11\/20181123_095657-768x505.jpg 768w\" sizes=\"auto, (max-width: 800px) 100vw, 800px\" \/><\/p>\n<p>En 1872 une lettre \u00e0 40c de BERGAME pour PARIS.<br \/>\nGriffe PD = pay\u00e9 jusqu&rsquo;\u00e0 destination.<br \/>\nTimbre \u00e0 date bleu 5 ITALIE 5 \/MODANE appos\u00e9 \u00e0 Modane par le bureau s\u00e9dentaire, qui compose la d\u00e9p\u00eache directe pour PARIS (No\u00ebl n\u00b0 879) . Aucune autre trace postale d&rsquo;autre manipulation.<\/p>\n<p>&nbsp;<\/p>\n<h4 style=\"text-align: left;\">Lettre de Turin \u00ab\u00a0Torino\u00a0\u00bb<\/h4>\n<p><img loading=\"lazy\" decoding=\"async\" class=\"alignnone size-full wp-image-4489 aligncenter\" src=\"http:\/\/cpl14.fr\/wp-content\/uploads\/2018\/11\/20181121_185707.jpg\" alt=\"\" width=\"800\" height=\"366\" srcset=\"https:\/\/cpl14.fr\/wp-content\/uploads\/2018\/11\/20181121_185707.jpg 800w, https:\/\/cpl14.fr\/wp-content\/uploads\/2018\/11\/20181121_185707-300x137.jpg 300w, https:\/\/cpl14.fr\/wp-content\/uploads\/2018\/11\/20181121_185707-768x351.jpg 768w\" sizes=\"auto, (max-width: 800px) 100vw, 800px\" \/><\/p>\n<p style=\"text-align: left;\">Cette lettre pose question:<br \/>\nEnvoy\u00e9e de TORINO le 18 octobre 1854, pour Montrouge , faible marque bleue de PD, taxe 15 manuscrite. En haut \u00e0 gauche 15\/3 semble indiquer le poids de 15g pour 3 ports (au-dessus de 15g)<br \/>\nTad rouge d&rsquo;entr\u00e9e par bureau s\u00e9dentaire type 3 TOUR .T \/ 3 FORBACH 3 appos\u00e9 \u00e0 Paris (No\u00ebl n\u00b0 1289).<br \/>\nVerso tad bleu t.15 2E PARIS 1 (60) et t.15 de Montrouge.<\/p>\n<p><img loading=\"lazy\" decoding=\"async\" class=\"alignnone size-full wp-image-4494 aligncenter\" src=\"http:\/\/cpl14.fr\/wp-content\/uploads\/2018\/11\/20181124_091640.jpg\" alt=\"\" width=\"800\" height=\"369\" srcset=\"https:\/\/cpl14.fr\/wp-content\/uploads\/2018\/11\/20181124_091640.jpg 800w, https:\/\/cpl14.fr\/wp-content\/uploads\/2018\/11\/20181124_091640-300x138.jpg 300w, https:\/\/cpl14.fr\/wp-content\/uploads\/2018\/11\/20181124_091640-768x354.jpg 768w\" sizes=\"auto, (max-width: 800px) 100vw, 800px\" \/><\/p>\n<p>Il s&rsquo;\u00e9coule 3 jours entre Turin et Paris.<br \/>\nQuid de l&rsquo;usage de ce cachet indiquant une provenance Tour et Taxis ?<br \/>\n1) Il pourrait s&rsquo;agir d&rsquo;une erreur de cachet \u00e0 Paris ? Mais les erreurs sont rares \u00e0 cette \u00e9poque, et le calcul de poids 15\/3 nous ram\u00e8ne \u00e0 Tour et Taxis.<br \/>\n2) Parcours insolite contournant les Alpes ?<br \/>\nCette id\u00e9e nous sugg\u00e8re une hypoth\u00e8se: pour une raison que nous ne connaissons pas, probl\u00e8me de climatologie (neige? fort possible fin octobre ) ou simple avantage tarifaire, la lettre entre vraiment par FORBACH ! Le chemin est long mais le tarif semble int\u00e9ressant pour gu\u00e8re plus d&rsquo;un jour de retard.<br \/>\nLa Poste des Princes de Tour et Taxis a toujours eu, depuis le XIIIe si\u00e8cle, une grande dominance sur les services postaux de cette partie de l&rsquo;Europe et les relations transfrontali\u00e8res. Ils \u00e9taient aussi install\u00e9s de longue date \u00e0 BERGAME (BERGAMO). Les tarifs \u00e9taient aussi r\u00e9put\u00e9s moins \u00e9lev\u00e9s que les autres postes d&rsquo;\u00e9tats.<br \/>\nVoyez pour vous faire une id\u00e9e:<br \/>\n<a href=\"https:\/\/books.google.fr\/books?id=saBLAAAAYAAJ&amp;pg=PA73&amp;lpg=PA73&amp;dq=convention+de+poste+entre+roi+des+francais+et+prince+de+tour+et+taxis&amp;source=bl&amp;ots=Rjv11MKC1h&amp;sig=KyLORUyLpluvJ8r6wsS7gd4J410&amp;hl=fr&amp;sa=X&amp;ved=2ahUKEwjV84OyxezeAhXQzoUKHeGuAUAQ6AEwAHoECAoQAQ#v=onepage&amp;q=convention%20de%20poste%20entre%20roi%20des%20francais%20et%20prince%20de%20tour%20et%20taxis&amp;f=false\">. Le lien sur la Convention de Poste de 1844:\u00a0<\/a><\/p>\n<p><a href=\"http:\/\/jean-louis.bourgouin.pagesperso-orange.fr\/Postes%20de%20T%20et%20T.htm\">. Le site de Jean-Louis Bourgoin<\/a><\/p>\n<p>. L&rsquo;ouvrage de Robert Abensur (bibliographie)<\/p>\n<p>Nos \u00e9lucubrations peuvent \u00eatre erron\u00e9es et nous serions ravis d&rsquo;ajouter toute correction \u00ab\u00a0d\u00e9montr\u00e9e et document\u00e9e\u00a0\u00bb ou compl\u00e9ment \u00e0 nos suppositions.<br \/>\nSi nos suppositions sont exactes, quel est le trajet exact de la lettre entre Turin et Forbach ?<br \/>\nFaire ce grand tour pr\u00e9sente un cas bien particulier.<\/p>\n<p>Pour simple rappel m\u00e9moire, les entr\u00e9es en France, traversant les Alpes sont connues par:<\/p>\n<p>Bureaux s\u00e9dentaires<br \/>\n. Annecy<br \/>\n. Barcelonnette<br \/>\n. Bourg-Saint-Maurice<br \/>\n. Brian\u00e7on<br \/>\n. Chamb\u00e9ry<br \/>\n. Grenoble<br \/>\n. Lans-Le-Bourg<br \/>\n. Modane<br \/>\n. Saint-Jean-de-Maurienne<br \/>\n. Saint-Michel-de-Maurienne<\/p>\n<p>Bureaux ambulants<br \/>\n. Mont-Cenis<br \/>\n. Modane<br \/>\n(Voyez No\u00ebl = bibliographie).<\/p>\n<p>&nbsp;<\/p>\n<h4 style=\"text-align: left;\">Conclusion<\/h4>\n<p><img loading=\"lazy\" decoding=\"async\" class=\"alignnone size-full wp-image-4491 aligncenter\" src=\"http:\/\/cpl14.fr\/wp-content\/uploads\/2018\/11\/20181123_150000.jpg\" alt=\"\" width=\"800\" height=\"449\" srcset=\"https:\/\/cpl14.fr\/wp-content\/uploads\/2018\/11\/20181123_150000.jpg 800w, https:\/\/cpl14.fr\/wp-content\/uploads\/2018\/11\/20181123_150000-300x168.jpg 300w, https:\/\/cpl14.fr\/wp-content\/uploads\/2018\/11\/20181123_150000-768x431.jpg 768w, https:\/\/cpl14.fr\/wp-content\/uploads\/2018\/11\/20181123_150000-678x381.jpg 678w\" sizes=\"auto, (max-width: 800px) 100vw, 800px\" \/><\/p>\n<p>Pour conclure, bien qu&rsquo;il ne s&rsquo;agisse ici que du devant d&rsquo;un entier postal de l&rsquo;INDE (four annas &amp; six pies jaune) post\u00e9 \u00e0 COCONACA (21 Nov.1882).<br \/>\nNous voulons attirer l&rsquo;attention des collectionneurs sur ces plis venus d&rsquo;Asie, entrant en Europe par la voie italienne (le plus souvent BRINDISI) et qui viennent \u00ab\u00a0attraper\u00a0\u00bb au-del\u00e0 des Alpes l&rsquo;ambulant MODANE A PARIS rouge \u00e0 fleuron (Pothion n\u00b01192).<br \/>\nCe Tad toujours en rouge, seulement utilis\u00e9 pour les lettres venant par l&rsquo;Italie, est particuli\u00e8rement rare.<\/p>\n<p style=\"text-align: center;\">.<\/p>\n<h5>le 22 f\u00e9vrier 2020:<\/h5>\n<p>S&rsquo;il y a bien un mot qu&rsquo;on ne devrait jamais utiliser dans notre site, c&rsquo;est \u00a0\u00bb Conclusion \u00a0\u00bb &#8230; j&rsquo;y veillerai, c&rsquo;est promis.<br \/>\nCe terme de fausse excuse signifiant souvent \u00ab\u00a0j&rsquo;ai pas fini on verra plus tard \u00ab\u00a0, est compl\u00e8tement inadapt\u00e9 aux diff\u00e9rents travaux que nous avons en cours.<br \/>\nC&rsquo;est d&rsquo;autant plus \u00e9vident que, dans nos nombreuses collections, des pi\u00e8ces circulent, changent d&rsquo;album, r\u00e9apparaissent apr\u00e8s plusieurs ann\u00e9es.<br \/>\nDisons le: nous continuerons d&rsquo;ajouter des \u00e9l\u00e9ments, lettres, cartes, documents, objets, \u00e0 tous nos sujets et chaque fois que possible.<\/p>\n<p>Voici une charmante carte postale: ENTIER \u00e0 1d 1\/2 bleu type Victoria, surcharg\u00e9 ONE ANNA de l&rsquo;Inde britannique \u00e0 destination de Bordeaux (*).<\/p>\n<p><img loading=\"lazy\" decoding=\"async\" class=\"size-full wp-image-6061 aligncenter\" src=\"http:\/\/cpl14.fr\/wp-content\/uploads\/2020\/01\/22.02.jpg\" alt=\"\" width=\"800\" height=\"600\" srcset=\"https:\/\/cpl14.fr\/wp-content\/uploads\/2020\/01\/22.02.jpg 800w, https:\/\/cpl14.fr\/wp-content\/uploads\/2020\/01\/22.02-300x225.jpg 300w, https:\/\/cpl14.fr\/wp-content\/uploads\/2020\/01\/22.02-768x576.jpg 768w, https:\/\/cpl14.fr\/wp-content\/uploads\/2020\/01\/22.02-678x509.jpg 678w, https:\/\/cpl14.fr\/wp-content\/uploads\/2020\/01\/22.02-326x245.jpg 326w, https:\/\/cpl14.fr\/wp-content\/uploads\/2020\/01\/22.02-80x60.jpg 80w\" sizes=\"auto, (max-width: 800px) 100vw, 800px\" \/><\/p>\n<p>Oblit\u00e9ration \u00ab\u00a0square circle\u00a0\u00bb de CALCUTTA du 18 octobre 1893.<br \/>\nLe cachet SEA POST OFFICE du 21 octobre nous confirme que c&rsquo;est \u00e0 bord du paquebot anglais (Voir anglaise normale) qu&rsquo;elle sera mise sous d\u00e9p\u00eache.<br \/>\nCette voie anglaise passe par Suez et Brindisi, pour une d\u00e9p\u00eache qui ne sera ouverte qu&rsquo;\u00e0 MODANE !<br \/>\nTAD rouge \u00e0 fleuron MODANE \u00c0 PARIS du 3 Novembre et TAD type 84 BORDEAUX ARRIV\u00c9E du 5.<\/p>\n<p>Rien au verso, aucune trace du passage \u00e0 Paris ni de l&rsquo;ambulant Paris \u00e0 Bordeaux, viennent nous confirmer que l&rsquo;ambulant de Modane a form\u00e9 une d\u00e9p\u00eache directe \u00ab\u00a0Bordeaux\u00a0\u00bb \u00e9vitant toute manipulation inutile !<\/p>\n<p>C&rsquo;est beau \u00ab\u00a0comme une lettre \u00e0 la Poste\u00a0\u00bb = 19 jours .<\/p>\n<p>* Note: Le destinataire est Fr\u00e9d\u00e9ric Eschenauer, grande maison de n\u00e9goce mondial de vins.<br \/>\nVoyez le joli <a href=\"http:\/\/www.louis-eschenauer.com\/historique\/\">site de cette maison<\/a>, avec un historique chronologique.<\/p>\n<p>Collection Sylvie et Michel CATHERINE<\/p>\n<p style=\"text-align: center;\">.<\/p>\n<div>Pour compl\u00e9ter ce sujet nous pr\u00e9sentons une amusante lettre qui va de Paris \u00e0 Rome.<\/div>\n<div>Post\u00e9e \u00e0 PARIS \/ R.DE LUXEMBOURG (bureau 35) le 20 janvier 1876 pour Rome.<\/div>\n<div><\/div>\n<div><img loading=\"lazy\" decoding=\"async\" class=\"size-full wp-image-4947 aligncenter\" src=\"http:\/\/cpl14.fr\/wp-content\/uploads\/2018\/11\/20190302_163331.jpg\" alt=\"\" width=\"800\" height=\"524\" srcset=\"https:\/\/cpl14.fr\/wp-content\/uploads\/2018\/11\/20190302_163331.jpg 800w, https:\/\/cpl14.fr\/wp-content\/uploads\/2018\/11\/20190302_163331-300x197.jpg 300w, https:\/\/cpl14.fr\/wp-content\/uploads\/2018\/11\/20190302_163331-768x503.jpg 768w\" sizes=\"auto, (max-width: 800px) 100vw, 800px\" \/><\/div>\n<div><\/div>\n<div>Adress\u00e9e \u00e0 l&rsquo;ambassade de France au Palais Colonna de Rome, un faible espoir peut-\u00eatre de traverser les mailles postales&#8230; elle n&rsquo;est pas affranchie !<\/div>\n<div>L&rsquo;affranchissement n&rsquo;est pas obligatoire, mais plus \u00e9lev\u00e9: 60c au lieu de 30c pour une lettre affranchie.<\/div>\n<div>Le tarif appliqu\u00e9 est \u00e0 cette date le nouveau tarif U.P.U du 1 janvier 1876.<\/div>\n<div><\/div>\n<div><img loading=\"lazy\" decoding=\"async\" class=\"size-full wp-image-4948 aligncenter\" src=\"http:\/\/cpl14.fr\/wp-content\/uploads\/2018\/11\/20190302_163400_resized.jpg\" alt=\"\" width=\"800\" height=\"898\" srcset=\"https:\/\/cpl14.fr\/wp-content\/uploads\/2018\/11\/20190302_163400_resized.jpg 800w, https:\/\/cpl14.fr\/wp-content\/uploads\/2018\/11\/20190302_163400_resized-267x300.jpg 267w, https:\/\/cpl14.fr\/wp-content\/uploads\/2018\/11\/20190302_163400_resized-768x862.jpg 768w\" sizes=\"auto, (max-width: 800px) 100vw, 800px\" \/><\/div>\n<div style=\"text-align: center;\">Les tarifs postaux fran\u00e7ais (Brun, Desarnaud, Joany, Barbey).<\/div>\n<div><\/div>\n<div><\/div>\n<div>La lettre est donc tax\u00e9e \u00e0 60 soit 6 d\u00e9cimes, taxe tampon fa\u00e7on manuscrite de 6.<\/div>\n<div>A l&rsquo;arriv\u00e9e \u00e0 Rome (le 22 janvier) elle est normalement tax\u00e9e d&rsquo;un taxe 60 centesimi orange et carmin (n\u00b011)<\/div>\n<div style=\"text-align: center;\">.<\/div>\n<div>L&rsquo;attention est attir\u00e9e par la couleur rouge du T de taxe dans un triangle, qui est peu commune, m\u00eame sur les plis pour l&rsquo;\u00e9tranger.<\/div>\n<div><\/div>\n<div><img loading=\"lazy\" decoding=\"async\" class=\"size-full wp-image-4949 aligncenter\" src=\"http:\/\/cpl14.fr\/wp-content\/uploads\/2018\/11\/20190302_164430.jpg\" alt=\"\" width=\"400\" height=\"427\" srcset=\"https:\/\/cpl14.fr\/wp-content\/uploads\/2018\/11\/20190302_164430.jpg 400w, https:\/\/cpl14.fr\/wp-content\/uploads\/2018\/11\/20190302_164430-281x300.jpg 281w\" sizes=\"auto, (max-width: 400px) 100vw, 400px\" \/><\/div>\n<div><\/div>\n<div>Ceci nous laisse penser que ce T pourrait \u00eatre appos\u00e9 par le bureau d&rsquo;\u00e9change de Modane. La couleur rouge est plus fr\u00e9quente dans les bureaux d&rsquo;\u00e9change, en particulier ceux de l&rsquo;Italie.<\/div>\n<div>Comment d\u00e9montrer cette hypoth\u00e9se ?<\/div>\n<div>En vous pr\u00e9sentant maintenant le verso qui confirme de mani\u00e8re indiscutable \u00ab\u00a0la voie des Alpes\u00a0\u00bb par Modane!<\/div>\n<div>On y voit l&rsquo;ambulant italien descendant:<\/div>\n<div><\/div>\n<div><img loading=\"lazy\" decoding=\"async\" class=\"size-full wp-image-4950 aligncenter\" src=\"http:\/\/cpl14.fr\/wp-content\/uploads\/2018\/11\/20190302_164610.jpg\" alt=\"\" width=\"800\" height=\"522\" srcset=\"https:\/\/cpl14.fr\/wp-content\/uploads\/2018\/11\/20190302_164610.jpg 800w, https:\/\/cpl14.fr\/wp-content\/uploads\/2018\/11\/20190302_164610-300x196.jpg 300w, https:\/\/cpl14.fr\/wp-content\/uploads\/2018\/11\/20190302_164610-768x501.jpg 768w\" sizes=\"auto, (max-width: 800px) 100vw, 800px\" \/><\/div>\n<div style=\"text-align: center;\">AMBULANTE MODANE-TORINO du 21 janvier.<\/div>\n<div><\/div>\n<div>Ainsi que le tad d&rsquo;arriv\u00e9e \u00e0 Rome qui est le m\u00eame que sur le timbre taxe.<\/div>\n<div>Bien entendu, votre avis nous int\u00e9resse !<\/div>\n<div style=\"text-align: center;\">.<\/div>\n<div style=\"text-align: center;\">.<\/div>\n<h4>\u00e9poque moderne:<\/h4>\n<div><\/div>\n<div style=\"text-align: left;\">\n<div><img loading=\"lazy\" decoding=\"async\" class=\"size-full wp-image-4969 aligncenter\" src=\"http:\/\/cpl14.fr\/wp-content\/uploads\/2019\/03\/20190318_062251.jpg\" alt=\"\" width=\"800\" height=\"545\" srcset=\"https:\/\/cpl14.fr\/wp-content\/uploads\/2019\/03\/20190318_062251.jpg 800w, https:\/\/cpl14.fr\/wp-content\/uploads\/2019\/03\/20190318_062251-300x204.jpg 300w, https:\/\/cpl14.fr\/wp-content\/uploads\/2019\/03\/20190318_062251-768x523.jpg 768w\" sizes=\"auto, (max-width: 800px) 100vw, 800px\" \/><\/div>\n<div><\/div>\n<div>Une simple carte postale touristique. Pouvions nous imaginer que dans une p\u00e9riode aussi moderne nous pourrions rencontrer une \u00ab\u00a0trace postale\u00a0\u00bb de notre sujet?<\/div>\n<div>La carte est la Place de la Seigneurie \u00e0 Florence *<\/div>\n<div>Le destinataire est \u00e0 Bourges dans le Cher.<\/div>\n<div>Oblit\u00e9ration m\u00e9canique de FIRENZE\/FERROVIA (La gare) le 12 juillet 1962&#8230; o\u00f9 va-t-elle s&rsquo;\u00e9garer pendant 4 jours entiers avant d&rsquo;\u00eatre \u00ab\u00a0manipul\u00e9e\u00a0\u00bb \u00e0 nouveau ?<\/div>\n<div>En tous cas: superbe timbre \u00e0 date de MODANE GARE\/ SAVOIE du 16 juillet \u00e0 18h.<\/div>\n<div>Peu ordinaire sur une carte postale r\u00e9cente.<\/div>\n<div><\/div>\n<div><img loading=\"lazy\" decoding=\"async\" class=\"size-full wp-image-4970 aligncenter\" src=\"http:\/\/cpl14.fr\/wp-content\/uploads\/2019\/03\/20190318_062213.jpg\" alt=\"\" width=\"554\" height=\"800\" srcset=\"https:\/\/cpl14.fr\/wp-content\/uploads\/2019\/03\/20190318_062213.jpg 554w, https:\/\/cpl14.fr\/wp-content\/uploads\/2019\/03\/20190318_062213-208x300.jpg 208w\" sizes=\"auto, (max-width: 554px) 100vw, 554px\" \/><\/div>\n<div><\/div>\n<div>* pour les amateurs de th\u00e9matique classe ouverte:<\/div>\n<div>La place de la Seigneurie, un des plus importants lieux de Florence montre ici:<\/div>\n<div>. Au premier plan la FONTAINE DE NEPTUNE par Bartolomeo AMMANNATI (XVIe si\u00e8cle).<\/div>\n<div><\/div>\n<div><img loading=\"lazy\" decoding=\"async\" class=\" wp-image-4971 aligncenter\" src=\"http:\/\/cpl14.fr\/wp-content\/uploads\/2019\/03\/099.jpg\" alt=\"\" width=\"300\" height=\"460\" srcset=\"https:\/\/cpl14.fr\/wp-content\/uploads\/2019\/03\/099.jpg 522w, https:\/\/cpl14.fr\/wp-content\/uploads\/2019\/03\/099-196x300.jpg 196w\" sizes=\"auto, (max-width: 300px) 100vw, 300px\" \/><\/div>\n<div style=\"text-align: center;\">photo B.BONNET<\/div>\n<div><\/div>\n<div>. Plus loin \u00e0 gauche statue \u00e9questre du Duc de Florence et 1er Grand Duc de Toscane COSME Ier de MEDICIS, bronze de GIAMBOLOGNA (Jean de BOLOGNE)1594.<\/div>\n<div><\/div>\n<div style=\"text-align: center;\">.<\/div>\n<div><img loading=\"lazy\" decoding=\"async\" class=\"size-full wp-image-5343 aligncenter\" src=\"http:\/\/cpl14.fr\/wp-content\/uploads\/2019\/05\/20190804_184735_resized.jpg\" alt=\"\" width=\"800\" height=\"521\" srcset=\"https:\/\/cpl14.fr\/wp-content\/uploads\/2019\/05\/20190804_184735_resized.jpg 800w, https:\/\/cpl14.fr\/wp-content\/uploads\/2019\/05\/20190804_184735_resized-300x195.jpg 300w, https:\/\/cpl14.fr\/wp-content\/uploads\/2019\/05\/20190804_184735_resized-768x500.jpg 768w\" sizes=\"auto, (max-width: 800px) 100vw, 800px\" \/><\/div>\n<div><\/div>\n<div>\n<div>Une journ\u00e9e calme \u00e0 Venise, en 1948, comme il n&rsquo;en existe plus de nos jours. Une simple carte touristique pour la France nous apporte une nouvelle possibilit\u00e9 de manipulation postale.<\/div>\n<div>(La date exacte nous est donn\u00e9e par les deux timbres type \u00ab\u00a0flambeau\u00a0\u00bb n\u00b0 Yvert 492, s\u00e9rie courante de 1945.48)<\/div>\n<div><\/div>\n<div><img loading=\"lazy\" decoding=\"async\" class=\"size-full wp-image-5341 aligncenter\" src=\"http:\/\/cpl14.fr\/wp-content\/uploads\/2019\/05\/20190804_184703_resized.jpg\" alt=\"\" width=\"800\" height=\"537\" srcset=\"https:\/\/cpl14.fr\/wp-content\/uploads\/2019\/05\/20190804_184703_resized.jpg 800w, https:\/\/cpl14.fr\/wp-content\/uploads\/2019\/05\/20190804_184703_resized-300x201.jpg 300w, https:\/\/cpl14.fr\/wp-content\/uploads\/2019\/05\/20190804_184703_resized-768x516.jpg 768w\" sizes=\"auto, (max-width: 800px) 100vw, 800px\" \/><\/div>\n<div><\/div>\n<div>. La carte postale envoy\u00e9e de Venise est oblit\u00e9r\u00e9e , ou presque, de VENEZIA FERROVIA, oblit\u00e9ration m\u00e9canique qui passe compl\u00e8tement \u00e0 c\u00f4t\u00e9 de sa cible : pas de dateur, pas de flamme.<\/div>\n<div><\/div>\n<div>. Voici le slogan de la flamme que vous devriez voir !<\/div>\n<div><img loading=\"lazy\" decoding=\"async\" class=\"size-full wp-image-5342 aligncenter\" src=\"http:\/\/cpl14.fr\/wp-content\/uploads\/2019\/05\/20190804_184630.jpg\" alt=\"\" width=\"500\" height=\"303\" srcset=\"https:\/\/cpl14.fr\/wp-content\/uploads\/2019\/05\/20190804_184630.jpg 500w, https:\/\/cpl14.fr\/wp-content\/uploads\/2019\/05\/20190804_184630-300x182.jpg 300w\" sizes=\"auto, (max-width: 500px) 100vw, 500px\" \/><\/div>\n<div><\/div>\n<div>Ce que nous voyons nous fait penser que, contrairement \u00e0\u00a0 l&rsquo;usage courant, le tri de la gare de Venise ne met pas cette carte dans la \u00a0\u00bb d\u00e9p\u00eache directe \u00a0\u00bb France, mais dans une autre d\u00e9p\u00eache \u00e0 destination de l&rsquo;ambulant de Modane qui part de Turin, sous la forme suppos\u00e9e \u00ab\u00a0courrier \u00e0 traiter par l&rsquo;ambulant \u00a0\u00bb ?<\/div>\n<div>Ceci n&rsquo;est qu&rsquo;une supposition, mais elle est confort\u00e9e par ce que nous voyons, une oblit\u00e9ration de l&rsquo;ambulant:<\/div>\n<div>AMB. TORINO . MODANE \/ 171.A du 16.8.48<\/div>\n<div><\/div>\n<div>A partir de ce moment, la carte va voyager dans une d\u00e9p\u00eache directe jusqu&rsquo;\u00e0 Paris.<\/div>\n<div style=\"text-align: center;\">.<\/div>\n<\/div>\n<h4>et entre les deux:<\/h4>\n<div>Voici un nouveau trajet, comme nous les aimons: in\u00e9dit et impr\u00e9visible !<\/div>\n<div><\/div>\n<div><img loading=\"lazy\" decoding=\"async\" class=\"size-full wp-image-5046 aligncenter\" src=\"http:\/\/cpl14.fr\/wp-content\/uploads\/2019\/03\/20190402_161134.jpg\" alt=\"\" width=\"800\" height=\"516\" srcset=\"https:\/\/cpl14.fr\/wp-content\/uploads\/2019\/03\/20190402_161134.jpg 800w, https:\/\/cpl14.fr\/wp-content\/uploads\/2019\/03\/20190402_161134-300x194.jpg 300w, https:\/\/cpl14.fr\/wp-content\/uploads\/2019\/03\/20190402_161134-768x495.jpg 768w\" sizes=\"auto, (max-width: 800px) 100vw, 800px\" \/><\/div>\n<div><\/div>\n<div>Une carte postale touristique * est post\u00e9e de La Sude en Cr\u00eate le 22 mai 1908, correctement affranchie d&rsquo;un 5c type Blanc de Cr\u00eate.<\/div>\n<div>Directement mise sous d\u00e9p\u00eache cette carte n&rsquo;est pas oblit\u00e9r\u00e9e au d\u00e9part ? (Pas de bureau fran\u00e7ais \u00e0 La Sude) il se peut aussi que toutes les correspondances touristiques soient regroup\u00e9es sous d\u00e9p\u00eache \u00e0 La Can\u00e9e ?<\/div>\n<div>Direction Ath\u00e8nes &#8230;<\/div>\n<div>La d\u00e9p\u00eache est ouverte par l&rsquo;ambulant de jour (type 3) de MODANE \u00c0 DIJON qui oblit\u00e8re le timbre du 27 mai et forme une nouvelle d\u00e9p\u00eache directe pour&#8230; Brest.<\/div>\n<div><\/div>\n<div><img loading=\"lazy\" decoding=\"async\" class=\"size-full wp-image-5047 aligncenter\" src=\"http:\/\/cpl14.fr\/wp-content\/uploads\/2019\/03\/20190402_161244.jpg\" alt=\"\" width=\"400\" height=\"384\" srcset=\"https:\/\/cpl14.fr\/wp-content\/uploads\/2019\/03\/20190402_161244.jpg 400w, https:\/\/cpl14.fr\/wp-content\/uploads\/2019\/03\/20190402_161244-300x288.jpg 300w\" sizes=\"auto, (max-width: 400px) 100vw, 400px\" \/><\/div>\n<div><\/div>\n<div>Joli parcours dont le d\u00e9lai de 5 jours,\u00a0 Cr\u00eate \/ Modane via Ath\u00e8nes semble correspondre \u00e0 une ligne maritime de\u00a0 \u00ab\u00a0Constantinople\/ Ath\u00e8nes \/ Venise\/ Trieste\u00a0\u00bb . L&rsquo;entr\u00e9e se faisant alors en Italie par Venise, la voie alpine devient logique, si l&rsquo;on peut dire ainsi.\u00a0(Trace au verso du tad d&rsquo;arriv\u00e9e \u00e0 Brest)<\/div>\n<div><\/div>\n<div><img loading=\"lazy\" decoding=\"async\" class=\"size-full wp-image-5048 aligncenter\" src=\"http:\/\/cpl14.fr\/wp-content\/uploads\/2019\/03\/20190402_161209.jpg\" alt=\"\" width=\"800\" height=\"516\" srcset=\"https:\/\/cpl14.fr\/wp-content\/uploads\/2019\/03\/20190402_161209.jpg 800w, https:\/\/cpl14.fr\/wp-content\/uploads\/2019\/03\/20190402_161209-300x194.jpg 300w, https:\/\/cpl14.fr\/wp-content\/uploads\/2019\/03\/20190402_161209-768x495.jpg 768w\" sizes=\"auto, (max-width: 800px) 100vw, 800px\" \/><\/div>\n<div><\/div>\n<div>* Le 1er Mai est une tradition de festivit\u00e9s en Cr\u00eate, on y f\u00eate le Printemps et des bouquets sont cueillis pour orner les portes des maisons&#8230; plus folklorique et r\u00e9cent, les cr\u00e9tois prendraient \u00e0 cette date leur premier bain ? (Cqfd).<\/div>\n<\/div>\n<div><\/div>\n<div style=\"text-align: center;\">.<\/div>\n<div>\n<div>Nous n&rsquo;avions pas illustr\u00e9 le chemin de fer Fell \u00ab\u00a0escaladant\u00a0\u00bb le Mont-Cenis.<\/div>\n<div>. Voici la couverture d&rsquo;un cahier d&rsquo;\u00e9colier * qui pr\u00e9sente une gravure int\u00e9ressante du lieu.<\/div>\n<div>. Le verso nous montre \u00e9galement le c\u00f4t\u00e9 bien \u00e9ducatif de l&rsquo;objet scolaire, avec une bonne description de cette jolie r\u00e9gion.<\/div>\n<div>Le 3e paragraphe d\u00e9crit la gravure et le chemin de fer, le texte annonce \u00e9galement en dernier lieu l&rsquo;ouverture prochaine du tunnel !<\/div>\n<div><\/div>\n<div><img loading=\"lazy\" decoding=\"async\" class=\"size-full wp-image-5145 aligncenter\" src=\"http:\/\/cpl14.fr\/wp-content\/uploads\/2019\/05\/20190607_105846.jpg\" alt=\"\" width=\"800\" height=\"993\" srcset=\"https:\/\/cpl14.fr\/wp-content\/uploads\/2019\/05\/20190607_105846.jpg 800w, https:\/\/cpl14.fr\/wp-content\/uploads\/2019\/05\/20190607_105846-242x300.jpg 242w, https:\/\/cpl14.fr\/wp-content\/uploads\/2019\/05\/20190607_105846-768x953.jpg 768w\" sizes=\"auto, (max-width: 800px) 100vw, 800px\" \/> <img loading=\"lazy\" decoding=\"async\" class=\"size-full wp-image-5146 aligncenter\" src=\"http:\/\/cpl14.fr\/wp-content\/uploads\/2019\/05\/20190607_105913.jpg\" alt=\"\" width=\"800\" height=\"1039\" srcset=\"https:\/\/cpl14.fr\/wp-content\/uploads\/2019\/05\/20190607_105913.jpg 800w, https:\/\/cpl14.fr\/wp-content\/uploads\/2019\/05\/20190607_105913-231x300.jpg 231w, https:\/\/cpl14.fr\/wp-content\/uploads\/2019\/05\/20190607_105913-768x997.jpg 768w, https:\/\/cpl14.fr\/wp-content\/uploads\/2019\/05\/20190607_105913-788x1024.jpg 788w\" sizes=\"auto, (max-width: 800px) 100vw, 800px\" \/><\/div>\n<div style=\"text-align: center;\"><\/div>\n<div style=\"text-align: center;\">cahier n\u00b06 s\u00e9rie Merveilles de la science de GARNIER, libraire \u00e9diteur \u00e0 Paris imprim\u00e9 par PILLET fils a\u00een\u00e9.<\/div>\n<div style=\"text-align: center;\">Texte de P.LAURENCIN (auteur scientifique, attach\u00e9 aux archives de la guerre,<\/div>\n<div style=\"text-align: center;\">pseudo de Paul Chapelle 1837.19.. fils de Paul-Aim\u00e9 Chapelle auteur dramaturge. Source BNF)<\/div>\n<div style=\"text-align: center;\">Papier fin, teint\u00e9 violet clair, format 150x185mm\u00a0(Avant 1870)<\/div>\n<\/div>\n<div>\n<div style=\"text-align: left;\">\n<p style=\"text-align: center;\">.<\/p>\n<\/div>\n<div>Collection Sylvie et Michel CATHERINE<\/div>\n<\/div>\n<div style=\"text-align: center;\">.<\/div>\n<div>\n<p>Nous trouvons ici une occasion de compl\u00e9ter le sujet de la travers\u00e9e des Alpes, dans le sens inverse !<\/p>\n<p>\u00a0\u00bb LA VOIE DES ALPES, LE RETOUR\u00a0\u00bb<\/p>\n<p><img loading=\"lazy\" decoding=\"async\" class=\"size-full wp-image-5972 aligncenter\" src=\"http:\/\/cpl14.fr\/wp-content\/uploads\/2019\/05\/20200131_094502.jpg\" alt=\"\" width=\"900\" height=\"394\" srcset=\"https:\/\/cpl14.fr\/wp-content\/uploads\/2019\/05\/20200131_094502.jpg 900w, https:\/\/cpl14.fr\/wp-content\/uploads\/2019\/05\/20200131_094502-300x131.jpg 300w, https:\/\/cpl14.fr\/wp-content\/uploads\/2019\/05\/20200131_094502-768x336.jpg 768w\" sizes=\"auto, (max-width: 900px) 100vw, 900px\" \/><\/p>\n<p>Voici une lettre adress\u00e9e de Caen le 29 mars 1872 4e lev\u00e9e, \u00e0 Livourne (Livorno), port de la c\u00f4te ouest de l&rsquo;Italie.<br \/>\nAffranchie \u00e0 30c, timbre Empire laur\u00e9, un d\u00e9passement de poids am\u00e8ne Caen \u00e0 apposer la griffe encadr\u00e9e rouge \u00ab\u00a0AFFRANCHISSEMENT\/INSUFFISANT\u00a0\u00bb.<br \/>\nLa lettre est mise \u00a0\u00bb sous d\u00e9p\u00eache \u00a0\u00bb jusqu&rsquo;\u00e0 Paris.<\/p>\n<p>A PARIS , Recette Principale, le bureau ETRANGER appose son timbre \u00e0 date type 16 au verso, en bleu.<\/p>\n<p><img loading=\"lazy\" decoding=\"async\" class=\"size-full wp-image-5968 aligncenter\" src=\"http:\/\/cpl14.fr\/wp-content\/uploads\/2019\/05\/20200130_101551_resized.jpg\" alt=\"\" width=\"900\" height=\"961\" srcset=\"https:\/\/cpl14.fr\/wp-content\/uploads\/2019\/05\/20200130_101551_resized.jpg 900w, https:\/\/cpl14.fr\/wp-content\/uploads\/2019\/05\/20200130_101551_resized-281x300.jpg 281w, https:\/\/cpl14.fr\/wp-content\/uploads\/2019\/05\/20200130_101551_resized-768x820.jpg 768w\" sizes=\"auto, (max-width: 900px) 100vw, 900px\" \/><\/p>\n<p>Cette couleur bleue indique une op\u00e9ration particuli\u00e8re, en raison de l&rsquo;affranchissement insuffisant, une taxe 3 au tampon \u00ab\u00a0fa\u00e7on manuscrite\u00a0\u00bb est appos\u00e9e aussi en bleu (Le bleu est moins intense car cette marque sert le plus souvent en noir, le cachet n&rsquo;est pas nettoy\u00e9 \u00e0 chaque usage!) .<br \/>\nC&rsquo;est cette similitude de couleur qui nous indique clairement que c&rsquo;est Paris \u00c9tranger qui appose cette indication de \u00ab\u00a0taxe\u00a0\u00bb&#8230;<\/p>\n<\/div>\n<div>\n<p>Chacun pourrait penser qu&rsquo;un ambulant par Marseille puis Nice, Menton , pourrait suffire \u00e0 ce trajet (notre manie moderne des autoroutes ou TGV ?) . Que neni, le chemin le plus court est bien plus efficace.<br \/>\nLa lettre est remise \u00e0 nouveau sous d\u00e9p\u00eache et file, tr\u00e8s certainement de nuit par le Paris \u00e0 Modane.<br \/>\nLa d\u00e9p\u00eache ouverte par le bureau d&rsquo;\u00e9change de Modane, est remise \u00e0 l&rsquo;ambulant italien qui appose au verso son timbre \u00e0 date :<br \/>\n\u00ab\u00a0AMBULANTE-MODANE-TURIN\u00a0\u00bb du 30 mars<br \/>\n(Rappel : tunnel inaugur\u00e9 en 1871).<\/p>\n<p><img loading=\"lazy\" decoding=\"async\" class=\"wp-image-5971 aligncenter\" src=\"http:\/\/cpl14.fr\/wp-content\/uploads\/2019\/05\/20200130_101558_resized.jpg\" alt=\"\" width=\"499\" height=\"632\" srcset=\"https:\/\/cpl14.fr\/wp-content\/uploads\/2019\/05\/20200130_101558_resized.jpg 800w, https:\/\/cpl14.fr\/wp-content\/uploads\/2019\/05\/20200130_101558_resized-237x300.jpg 237w, https:\/\/cpl14.fr\/wp-content\/uploads\/2019\/05\/20200130_101558_resized-768x973.jpg 768w\" sizes=\"auto, (max-width: 499px) 100vw, 499px\" \/><\/p>\n<p>Il reste encore \u00e0 rejoindre LIVORNO, sous nouvelle d\u00e9p\u00eache (Turin-Livourne) .<br \/>\nLivourne applique alors la taxe, par un timbre \u00e0 30 centesimo jaune-orange le 31 mars. oblit\u00e9ration rectangulaire de LIVORNO.<\/p>\n<p>Il est bon de constater ici, l&rsquo;importance du syst\u00e8me des \u00ab\u00a0d\u00e9p\u00eaches\u00a0\u00bb qui \u00e9vitent les manipulations interm\u00e9diaires, les ramenant aux seules utiles. C&rsquo;est ainsi que ce simple trajet a pu \u00eatre r\u00e9alis\u00e9 en 2 jours!<br \/>\n(Collection Hubert MOISY, Deauville)<\/p>\n<p>Pour argumenter encore cette th\u00e9matique, nous avons plaisir \u00e0 montrer ci-apr\u00e8s une deuxi\u00e8me lettre, de notre collection personnelle :<\/p>\n<p><img loading=\"lazy\" decoding=\"async\" class=\"size-full wp-image-5969 aligncenter\" src=\"http:\/\/cpl14.fr\/wp-content\/uploads\/2019\/05\/20200131_103913_resized.jpg\" alt=\"\" width=\"900\" height=\"1027\" srcset=\"https:\/\/cpl14.fr\/wp-content\/uploads\/2019\/05\/20200131_103913_resized.jpg 900w, https:\/\/cpl14.fr\/wp-content\/uploads\/2019\/05\/20200131_103913_resized-263x300.jpg 263w, https:\/\/cpl14.fr\/wp-content\/uploads\/2019\/05\/20200131_103913_resized-768x876.jpg 768w, https:\/\/cpl14.fr\/wp-content\/uploads\/2019\/05\/20200131_103913_resized-897x1024.jpg 897w\" sizes=\"auto, (max-width: 900px) 100vw, 900px\" \/><\/p>\n<p>. Une lettre du HAVRE en 1868, est adress\u00e9e \u00e0 NEUFCHATEL en Suisse, affranchie \u00e0 30c, Empire laur\u00e9 20c + 10c, sans d\u00e9passement, elle re\u00e7oit au d\u00e9part la griffe rouge PD signifiant \u00ab\u00a0pay\u00e9 jusqu&rsquo;\u00e0 destination\u00a0\u00bb .<br \/>\n. Le m\u00eame processus de d\u00e9p\u00eache am\u00e8ne notre lettre jusqu&rsquo;\u00e0 Paris-Etranger qui, n&rsquo;ayant qu&rsquo;\u00e0 diriger la lettre sans intervenir (service normal) appose son timbre \u00e0 date type 16 cette fois en noir.<\/p>\n<p><img loading=\"lazy\" decoding=\"async\" class=\" wp-image-5970 aligncenter\" src=\"http:\/\/cpl14.fr\/wp-content\/uploads\/2019\/05\/20200131_103956_resized.jpg\" alt=\"\" width=\"749\" height=\"567\" srcset=\"https:\/\/cpl14.fr\/wp-content\/uploads\/2019\/05\/20200131_103956_resized.jpg 900w, https:\/\/cpl14.fr\/wp-content\/uploads\/2019\/05\/20200131_103956_resized-300x227.jpg 300w, https:\/\/cpl14.fr\/wp-content\/uploads\/2019\/05\/20200131_103956_resized-768x581.jpg 768w, https:\/\/cpl14.fr\/wp-content\/uploads\/2019\/05\/20200131_103956_resized-80x60.jpg 80w\" sizes=\"auto, (max-width: 749px) 100vw, 749px\" \/><\/p>\n<p>. A la fronti\u00e8re de Suisse (bureau d&rsquo;\u00e9change de Pontarlier) la lettre est remise \u00e0 l&rsquo;ambulant qui appose le cachet PONTARLIER N BERNE (N pour nuit?)<br \/>\n. La lettre sera distribu\u00e9e \u00e0 Neufchatel le 5 !<br \/>\nM\u00eame temps de 2 jours, que la lettre pr\u00e9c\u00e9dente.<br \/>\n(Collection Sylvie et Michel CATHERINE)<\/p>\n<\/div>\n<div style=\"text-align: center;\">.<\/div>\n<p>&nbsp;<\/p>\n<div><\/div>\n<h4>BIBLIOGRAPHIE<\/h4>\n<p>. Gilbert NOEL: Catalogue des marques et cachets d&rsquo;entr\u00e9e en France 1800.1881 (\u00e9d. Histoire Postale, Paris.1976).<br \/>\n. Jean POTHION: Catalogue des ambulants et des gares (ed. La Poste aux Lettres. Paris 1986).<br \/>\n. Robert ABENSUR, La voie Franco-sarde dans les relations internationales 1818-1851. Biblioth\u00e8que de l&rsquo;Acad\u00e9mie de Philat\u00e9lie (2017)<br \/>\nAinsi que les sites nomm\u00e9s dans le texte.<\/p>\n<p>et ce site qui a attir\u00e9 notre attention: <a href=\"http:\/\/www.fortifications-maurienne.com\/association.htm\">www.fortifications-maurienne.com<\/a><\/p>\n<p>Lettres et illustrations:<br \/>\nCollection Sylvie et Michel CATHERINE (UM 2161)<br \/>\nCercle philat\u00e9lique lexovien.<\/p>\n","protected":false},"excerpt":{"rendered":"<div class=\"mh-excerpt\"><p>Mise \u00e0 jour le 22 f\u00e9vrier 2020: ajout en milieu d&rsquo;article, titre: le 22 f\u00e9vrier 2020 Il est courant de penser que les lettres venant <a class=\"mh-excerpt-more\" href=\"https:\/\/cpl14.fr\/?p=4477\" title=\"Italie\/France: La voie des Alpes\">[&#8230;]<\/a><\/p>\n<\/div>","protected":false},"author":1,"featured_media":4493,"comment_status":"open","ping_status":"open","sticky":false,"template":"","format":"standard","meta":{"footnotes":""},"categories":[17],"tags":[245,45,244,62,41],"class_list":["post-4477","post","type-post","status-publish","format-standard","has-post-thumbnail","hentry","category-histoire-postale-et-marcophilie","tag-alpes","tag-ambulants","tag-italie","tag-lettre","tag-marques-postales"],"_links":{"self":[{"href":"https:\/\/cpl14.fr\/index.php?rest_route=\/wp\/v2\/posts\/4477","targetHints":{"allow":["GET"]}}],"collection":[{"href":"https:\/\/cpl14.fr\/index.php?rest_route=\/wp\/v2\/posts"}],"about":[{"href":"https:\/\/cpl14.fr\/index.php?rest_route=\/wp\/v2\/types\/post"}],"author":[{"embeddable":true,"href":"https:\/\/cpl14.fr\/index.php?rest_route=\/wp\/v2\/users\/1"}],"replies":[{"embeddable":true,"href":"https:\/\/cpl14.fr\/index.php?rest_route=%2Fwp%2Fv2%2Fcomments&post=4477"}],"version-history":[{"count":19,"href":"https:\/\/cpl14.fr\/index.php?rest_route=\/wp\/v2\/posts\/4477\/revisions"}],"predecessor-version":[{"id":6063,"href":"https:\/\/cpl14.fr\/index.php?rest_route=\/wp\/v2\/posts\/4477\/revisions\/6063"}],"wp:featuredmedia":[{"embeddable":true,"href":"https:\/\/cpl14.fr\/index.php?rest_route=\/wp\/v2\/media\/4493"}],"wp:attachment":[{"href":"https:\/\/cpl14.fr\/index.php?rest_route=%2Fwp%2Fv2%2Fmedia&parent=4477"}],"wp:term":[{"taxonomy":"category","embeddable":true,"href":"https:\/\/cpl14.fr\/index.php?rest_route=%2Fwp%2Fv2%2Fcategories&post=4477"},{"taxonomy":"post_tag","embeddable":true,"href":"https:\/\/cpl14.fr\/index.php?rest_route=%2Fwp%2Fv2%2Ftags&post=4477"}],"curies":[{"name":"wp","href":"https:\/\/api.w.org\/{rel}","templated":true}]}}