{"id":4794,"date":"2020-02-10T09:04:03","date_gmt":"2020-02-10T08:04:03","guid":{"rendered":"http:\/\/cpl14.fr\/?p=4794"},"modified":"2020-02-11T09:52:40","modified_gmt":"2020-02-11T08:52:40","slug":"un-bel-illustrateur-jocelyn-gille","status":"publish","type":"post","link":"https:\/\/cpl14.fr\/?p=4794","title":{"rendered":"Un bel illustrateur : Jocelyn GILLE"},"content":{"rendered":"<div>Mise \u00e0 jour du 11 f\u00e9vrier 2020, voir \u00ab\u00a0la r\u00e9compense\u00a0\u00bb en fin d&rsquo;article<\/div>\n<div style=\"text-align: center;\">.<\/div>\n<div>\u00a0Nous allons vous conter aujourd&rsquo;hui un souvenir personnel et d&rsquo;amiti\u00e9.<\/div>\n<div>En 2001 nous sommes au Salon Philat\u00e9lique r\u00e9gional de Nantes nomm\u00e9 \u00ab\u00a0Philatlantique\u00a0\u00bb au Parc des Expositions&#8230; c&rsquo;est notre m\u00e9tier d&rsquo;y \u00eatre, avec nos amis habituels: Jean-Marc, Jean-Georges, Jean-Pierre, Christian, Sylvie et Michel (sont les auteurs t\u00e9moins de l&rsquo;histoire) et quelques autres coll\u00e8gues n\u00e9gociants.<\/div>\n<div>A l&rsquo;entr\u00e9e de la salle une grande table accueille un illustrateur local, que nous d\u00e9couvrons avec \u00e9tonnement.<\/div>\n<div>Jocelyn GILLE est peintre de \u00a0\u00bb l&rsquo;a\u00e9ro-navale \u00a0\u00bb comme il le dit en souriant : non agr\u00e9\u00e9 officiel ni de l&rsquo;air ni de la marine, il \u00e9vite astucieusement le d\u00e9bat. Comme je le r\u00e9p\u00e9terai un peu plus loin \u00a0\u00bb regardez la mer, vous verrez des avions!\u00a0\u00bb ;\u00a0 il a aussi consacr\u00e9 son talent \u00e0 \u00e9crire ou illustrer des Bandes Dessin\u00e9es sur le th\u00e8me de la seconde guerre mondiale.<\/div>\n<div>Aimable et accueillant, il vend ses livres un prix tr\u00e8s raisonnable et propose \u00e0 ses \u00ab\u00a0clients\u00a0\u00bb une jolie d\u00e9dicace en prime ! C&rsquo;est vous dire, que pour servir tout le monde, \u00e9galit\u00e9 oblige,\u00a0 il n&rsquo;en vend qu&rsquo;un seul \u00e0 la fois et pendant les deux jours il nous a fallu re-d\u00e9filer pour avoir la collection que nous avons le plaisir de vous faire d\u00e9couvrir ici.<\/div>\n<div style=\"text-align: center;\">.<\/div>\n<div>Attention: Ne coupez pas trop vite votre visite, apr\u00e8s les BD cette histoire a une suite qui m\u00e9rite le voyage&#8230; !<\/div>\n<div style=\"text-align: center;\">.<\/div>\n<div>Nous pr\u00e9sentons tout d&rsquo;abord les BD r\u00e9colt\u00e9es \u00e0 cette occasion avec chacune sa d\u00e9dicace personnalis\u00e9e, c&rsquo;est \u00e0 dire choix de l&rsquo;avion, du th\u00e8me Et nominative.<\/div>\n<div>Tout est peint \u00e0 la gouache sous nos yeux \u00ab\u00a0d&rsquo;enfants \u00e9bahis\u00a0\u00bb.<\/div>\n<div style=\"text-align: center;\">.<\/div>\n<div style=\"text-align: center;\">1. Brest dans la tourmente tome 1<\/div>\n<div style=\"text-align: center;\">2. Brest dans la tourmente tome 2<\/div>\n<div>Ces deux premiers ouvrages \u00e9taient d\u00e9j\u00e0 \u00e9puis\u00e9s en 2001.<\/div>\n<div>Toute personne qui poss\u00e9derait un exemplaire avec d\u00e9dicace peinte serait la bienvenue ici. On trouve des exemplaires sur internet mais sans d\u00e9dicace.<\/div>\n<div>Il en va de m\u00eame pour tout exemplaire des publications suivantes des BD.<\/div>\n<div>Nous pouvons publier celles que vous voudriez bien nous envoyer, en vous citant bien entendu.<\/div>\n<div>\u00a0.<\/div>\n<div style=\"text-align: center;\">3. Lorient dans la tourmente (ed.1990)<\/div>\n<div><img loading=\"lazy\" decoding=\"async\" class=\"size-full wp-image-4796 aligncenter\" src=\"http:\/\/cpl14.fr\/wp-content\/uploads\/2019\/01\/3-9.jpg\" alt=\"\" width=\"905\" height=\"600\" srcset=\"https:\/\/cpl14.fr\/wp-content\/uploads\/2019\/01\/3-9.jpg 905w, https:\/\/cpl14.fr\/wp-content\/uploads\/2019\/01\/3-9-300x199.jpg 300w, https:\/\/cpl14.fr\/wp-content\/uploads\/2019\/01\/3-9-768x509.jpg 768w\" sizes=\"auto, (max-width: 905px) 100vw, 905px\" \/><\/div>\n<div style=\"text-align: center;\">.<\/div>\n<div style=\"text-align: center;\">4. Objectif Saint-Nazaire (ed.1990)<\/div>\n<div><img loading=\"lazy\" decoding=\"async\" class=\"size-full wp-image-4797 aligncenter\" src=\"http:\/\/cpl14.fr\/wp-content\/uploads\/2019\/01\/4-9.jpg\" alt=\"\" width=\"893\" height=\"594\" srcset=\"https:\/\/cpl14.fr\/wp-content\/uploads\/2019\/01\/4-9.jpg 893w, https:\/\/cpl14.fr\/wp-content\/uploads\/2019\/01\/4-9-300x200.jpg 300w, https:\/\/cpl14.fr\/wp-content\/uploads\/2019\/01\/4-9-768x511.jpg 768w\" sizes=\"auto, (max-width: 893px) 100vw, 893px\" \/><\/div>\n<div style=\"text-align: center;\">.<\/div>\n<div style=\"text-align: center;\">5. Bordeaux dans la tourmente 1939.1940 (ed.1992)<\/div>\n<div style=\"text-align: center;\">\u00a0 \u00a0 Pr\u00e9face de Jacques CHABAN-DELMAS<\/div>\n<div><img loading=\"lazy\" decoding=\"async\" class=\"alignnone size-full wp-image-4798 aligncenter\" src=\"http:\/\/cpl14.fr\/wp-content\/uploads\/2019\/01\/5-4.jpg\" alt=\"\" width=\"906\" height=\"620\" srcset=\"https:\/\/cpl14.fr\/wp-content\/uploads\/2019\/01\/5-4.jpg 906w, https:\/\/cpl14.fr\/wp-content\/uploads\/2019\/01\/5-4-300x205.jpg 300w, https:\/\/cpl14.fr\/wp-content\/uploads\/2019\/01\/5-4-768x526.jpg 768w\" sizes=\"auto, (max-width: 906px) 100vw, 906px\" \/><\/div>\n<div style=\"text-align: center;\">.<\/div>\n<div style=\"text-align: center;\">6. Nantes dans la tourmente 1939.1944 (ed.1993)<\/div>\n<div><img loading=\"lazy\" decoding=\"async\" class=\"size-full wp-image-4799 aligncenter\" src=\"http:\/\/cpl14.fr\/wp-content\/uploads\/2019\/01\/6-3.jpg\" alt=\"\" width=\"906\" height=\"611\" srcset=\"https:\/\/cpl14.fr\/wp-content\/uploads\/2019\/01\/6-3.jpg 906w, https:\/\/cpl14.fr\/wp-content\/uploads\/2019\/01\/6-3-300x202.jpg 300w, https:\/\/cpl14.fr\/wp-content\/uploads\/2019\/01\/6-3-768x518.jpg 768w\" sizes=\"auto, (max-width: 906px) 100vw, 906px\" \/><\/div>\n<div style=\"text-align: center;\">\u00a0.<\/div>\n<div style=\"text-align: center;\">7. Saint-Nazaire poche de l&rsquo;Atlantique 1944.1945 (ed. 1995) dos table des ouvrages parus.<\/div>\n<div><img loading=\"lazy\" decoding=\"async\" class=\"size-full wp-image-4801 aligncenter\" src=\"http:\/\/cpl14.fr\/wp-content\/uploads\/2019\/01\/7b.jpg\" alt=\"\" width=\"600\" height=\"921\" srcset=\"https:\/\/cpl14.fr\/wp-content\/uploads\/2019\/01\/7b.jpg 600w, https:\/\/cpl14.fr\/wp-content\/uploads\/2019\/01\/7b-195x300.jpg 195w\" sizes=\"auto, (max-width: 600px) 100vw, 600px\" \/><\/div>\n<div><img loading=\"lazy\" decoding=\"async\" class=\"alignnone wp-image-4802 aligncenter\" src=\"http:\/\/cpl14.fr\/wp-content\/uploads\/2019\/01\/20190113_115118.jpg\" alt=\"\" width=\"602\" height=\"493\" srcset=\"https:\/\/cpl14.fr\/wp-content\/uploads\/2019\/01\/20190113_115118.jpg 800w, https:\/\/cpl14.fr\/wp-content\/uploads\/2019\/01\/20190113_115118-300x246.jpg 300w, https:\/\/cpl14.fr\/wp-content\/uploads\/2019\/01\/20190113_115118-768x630.jpg 768w\" sizes=\"auto, (max-width: 602px) 100vw, 602px\" \/><\/div>\n<div style=\"text-align: center;\">\u00a0.<\/div>\n<div style=\"text-align: center;\">Carte postale d\u00e9dicac\u00e9e<\/div>\n<div>\n<div>Extrait du th\u00e8me du\u00a0 dernier ouvrage, oeuvre non reprise dans la BD, peinture pour le mus\u00e9e de la Poche de Saint-Nazaire. \u00a0\u00bb Poste de direction de tir \u00e0 Batz-sur-mer (11 mai 1945)\u00a0\u00bb<\/div>\n<\/div>\n<div><img loading=\"lazy\" decoding=\"async\" class=\"size-full wp-image-4803 aligncenter\" src=\"http:\/\/cpl14.fr\/wp-content\/uploads\/2019\/01\/8-2.jpg\" alt=\"\" width=\"700\" height=\"473\" srcset=\"https:\/\/cpl14.fr\/wp-content\/uploads\/2019\/01\/8-2.jpg 700w, https:\/\/cpl14.fr\/wp-content\/uploads\/2019\/01\/8-2-300x203.jpg 300w\" sizes=\"auto, (max-width: 700px) 100vw, 700px\" \/><\/div>\n<div><\/div>\n<div style=\"text-align: center;\">.<\/div>\n<div>De retour \u00e0 Carnon-Plage&#8230; et regardant la mer: \u00ab\u00a0rien de tel que regarder la mer pour penser aux avions ? \u00a0\u00bb Il nous apparut rapidement que, sinon avoir \u00ab\u00a0rat\u00e9\u00a0\u00bb quelque chose dans le tumulte d&rsquo;un grand Salon, nous pouvions peut-\u00eatre am\u00e9liorer cet achat par des peintures un peu plus grandes.<\/div>\n<div>Coup de fil, discussion aimable et anim\u00e9e, pouvez-vous..?\u00a0 prix, choix du th\u00e8me impos\u00e9 par nous ( pas facile pour un artiste) mais libre interpr\u00e9tation du sujet.<\/div>\n<div>Voici donc deux gouaches de Jocelyn GILLE peintes en 2002, \u00e0 l&rsquo;intention de Sylvie et Michel, et qui devraient ravir les amateurs d&rsquo;histoire postale a\u00e9rienne.<\/div>\n<div style=\"text-align: center;\">\u00a0.<\/div>\n<div>\n<div>Ces peintures n&rsquo;avaient pas \u00e9t\u00e9 titr\u00e9es par l&rsquo;artiste, nous le faisons ce jour.\u00a0Le sujet souhait\u00e9 \u00e9tait : Saint-Exup\u00e9ry au-dessus des sables, avec des dromadaires !<\/div>\n<div>Nous l&rsquo;appelons\u00a0 \u00ab\u00a0VOL DE JOUR\u00a0\u00bb<\/div>\n<div><img loading=\"lazy\" decoding=\"async\" class=\"size-full wp-image-4804 aligncenter\" src=\"http:\/\/cpl14.fr\/wp-content\/uploads\/2019\/01\/9-2.jpg\" alt=\"\" width=\"900\" height=\"699\" srcset=\"https:\/\/cpl14.fr\/wp-content\/uploads\/2019\/01\/9-2.jpg 900w, https:\/\/cpl14.fr\/wp-content\/uploads\/2019\/01\/9-2-300x233.jpg 300w, https:\/\/cpl14.fr\/wp-content\/uploads\/2019\/01\/9-2-768x596.jpg 768w\" sizes=\"auto, (max-width: 900px) 100vw, 900px\" \/><\/div>\n<div><\/div>\n<div style=\"text-align: center;\">Jocelyn GILLE, gouache sur papier (40\u00d750cm) 2002<\/div>\n<div style=\"text-align: center;\">\u00a0.<\/div>\n<div>\n<div>Notre titre :\u00a0 \u00a0\u00bb L&rsquo; IMPORTANT C&rsquo;EST L&rsquo;AVION \u00ab\u00a0<\/div>\n<div>Sur un souhait de \u00ab\u00a0MERMOZ et son avion\u00a0\u00bb&#8230; l&rsquo;artiste imagine et s&rsquo;inspire de diff\u00e9rentes photos de Presse largement diffus\u00e9es dans de nombreux ouvrages.<\/div>\n<div>L&rsquo;avion est ici L&rsquo;ARC EN CIEL, sur son fuselage est \u00e9crit FRANCE &#8211; AM\u00c9RIQUE DU SUD (cet Avion,\u00a0 le 3e du nom Arc en Ciel, est un Couzinet 70).<\/div>\n<div>Au centre Mermoz dans son costume bien connu, l&rsquo;homme en uniforme \u00e0 droite est le Capitaine MAILLOUX.<\/div>\n<div><img loading=\"lazy\" decoding=\"async\" class=\" wp-image-4805 aligncenter\" src=\"http:\/\/cpl14.fr\/wp-content\/uploads\/2019\/01\/10-2.jpg\" alt=\"\" width=\"901\" height=\"717\" srcset=\"https:\/\/cpl14.fr\/wp-content\/uploads\/2019\/01\/10-2.jpg 900w, https:\/\/cpl14.fr\/wp-content\/uploads\/2019\/01\/10-2-300x239.jpg 300w, https:\/\/cpl14.fr\/wp-content\/uploads\/2019\/01\/10-2-768x611.jpg 768w\" sizes=\"auto, (max-width: 901px) 100vw, 901px\" \/><\/div>\n<div style=\"text-align: center;\">Jocelyn GILLE, gouache sur papier (40\u00d750cm) 2002<\/div>\n<\/div>\n<\/div>\n<div style=\"text-align: center;\">\u00a0.<\/div>\n<div>\n<div>Nous joignons deux images qui ont inspir\u00e9 le peintre.<\/div>\n<div><img loading=\"lazy\" decoding=\"async\" class=\"size-full wp-image-4806 aligncenter\" src=\"http:\/\/cpl14.fr\/wp-content\/uploads\/2019\/01\/11-2.jpg\" alt=\"\" width=\"900\" height=\"532\" srcset=\"https:\/\/cpl14.fr\/wp-content\/uploads\/2019\/01\/11-2.jpg 900w, https:\/\/cpl14.fr\/wp-content\/uploads\/2019\/01\/11-2-300x177.jpg 300w, https:\/\/cpl14.fr\/wp-content\/uploads\/2019\/01\/11-2-768x454.jpg 768w\" sizes=\"auto, (max-width: 900px) 100vw, 900px\" \/><\/div>\n<\/div>\n<div style=\"text-align: center;\">\u00a0.<\/div>\n<div>\n<div>\n<div>Rien ne se perd&#8230; en 2020, nous retrouvons m\u00e9lang\u00e9e \u00e0 des cartes de voeux en cours de classement (!) cette magnifique carte postale de Jocelyn Gille en 2002, elle accompagnait l&rsquo;envoi des deux peintures ci-dessus:<\/div>\n<div><\/div>\n<div><img loading=\"lazy\" decoding=\"async\" class=\"wp-image-5953 aligncenter\" src=\"http:\/\/cpl14.fr\/wp-content\/uploads\/2020\/01\/20200114_185323_resized.jpg\" alt=\"\" width=\"509\" height=\"708\" srcset=\"https:\/\/cpl14.fr\/wp-content\/uploads\/2020\/01\/20200114_185323_resized.jpg 1242w, https:\/\/cpl14.fr\/wp-content\/uploads\/2020\/01\/20200114_185323_resized-216x300.jpg 216w, https:\/\/cpl14.fr\/wp-content\/uploads\/2020\/01\/20200114_185323_resized-768x1067.jpg 768w, https:\/\/cpl14.fr\/wp-content\/uploads\/2020\/01\/20200114_185323_resized-737x1024.jpg 737w\" sizes=\"auto, (max-width: 509px) 100vw, 509px\" \/><\/div>\n<div>voyez aussi le verso, texte de la carte, sign\u00e9e J. Gille<\/div>\n<div><\/div>\n<div><img loading=\"lazy\" decoding=\"async\" class=\"wp-image-5954 aligncenter\" src=\"http:\/\/cpl14.fr\/wp-content\/uploads\/2020\/01\/20200114_190053_resized.jpg\" alt=\"\" width=\"700\" height=\"499\" srcset=\"https:\/\/cpl14.fr\/wp-content\/uploads\/2020\/01\/20200114_190053_resized.jpg 1369w, https:\/\/cpl14.fr\/wp-content\/uploads\/2020\/01\/20200114_190053_resized-300x214.jpg 300w, https:\/\/cpl14.fr\/wp-content\/uploads\/2020\/01\/20200114_190053_resized-768x548.jpg 768w, https:\/\/cpl14.fr\/wp-content\/uploads\/2020\/01\/20200114_190053_resized-1024x731.jpg 1024w\" sizes=\"auto, (max-width: 700px) 100vw, 700px\" \/><\/div>\n<div><\/div>\n<div>et r\u00e9f. Editeurs (Collectif du 150e anniversaire de l&rsquo;abolition de l&rsquo;esclavage, le Cercle des Associations Philat\u00e9liques de l&rsquo;Arrondissement Nantais et l&rsquo;agence 1.2.3.Soleil Atlantique)<\/div>\n<\/div>\n<\/div>\n<div><\/div>\n<div style=\"text-align: center;\">.<\/div>\n<div>\n<div>Notre souvenir aurait pu se terminer l\u00e0 ? Pourtant l&rsquo;ann\u00e9e suivante 2003 notre ami Jean-Marc cit\u00e9 ci-dessus\u00a0 f\u00eate ses 50 ans.<\/div>\n<div>L&rsquo;occasion est unique, nous recontactons le peintre qui refuse d&rsquo;abord, il est d\u00e9bord\u00e9 de travail par la plus grosse commande de sa vie &#8230; il doit r\u00e9aliser une fresque g\u00e9ante:\u00a0 le Paquebot \u00a0\u00bb QUEEN-MARY 2&Prime; pour le hall d&rsquo;accueil de la Compagnie Cunard Line \u00e0 New-York.<\/div>\n<div>Voyez ci-dessous un aper\u00e7u de cette oeuvre d&rsquo;exception.<\/div>\n<div><\/div>\n<div style=\"text-align: center;\"><img loading=\"lazy\" decoding=\"async\" class=\"alignnone size-full wp-image-4807\" src=\"http:\/\/cpl14.fr\/wp-content\/uploads\/2019\/01\/12-2.jpg\" alt=\"\" width=\"900\" height=\"634\" srcset=\"https:\/\/cpl14.fr\/wp-content\/uploads\/2019\/01\/12-2.jpg 900w, https:\/\/cpl14.fr\/wp-content\/uploads\/2019\/01\/12-2-300x211.jpg 300w, https:\/\/cpl14.fr\/wp-content\/uploads\/2019\/01\/12-2-768x541.jpg 768w\" sizes=\"auto, (max-width: 900px) 100vw, 900px\" \/><\/div>\n<div style=\"text-align: center;\">reproduction sur carte postale du Queen Mary selon Jocelyn GILLE<\/div>\n<div style=\"text-align: center;\">\u00a0.<\/div>\n<div>Malgr\u00e9 cela il finit par c\u00e9der \u00e0 notre demande. Notre ami, fervent voyageur au Vietnam, recevra en cadeau un magnifique hydravion postal\u00a0 LOIRE 70 survolant la Baie d&rsquo;Along.<\/div>\n<div>( Nous ne poss\u00e9dons pas de photo de cette peinture.)<\/div>\n<div style=\"text-align: center;\">\u00a0.<\/div>\n<div>La vie est faite de bons souvenirs qu&rsquo;il faut sauver pr\u00e9cieusement, les mauvais reviendront bien tout seuls.<\/div>\n<div style=\"text-align: center;\">\u00a0.<\/div>\n<div>M\u00e9morial:<\/div>\n<div>Jocelyn GILLE est d\u00e9c\u00e9d\u00e9 le deuxi\u00e8me samedi de janvier 2012.<\/div>\n<div>Notre ami Jean-Marc a ferm\u00e9 les yeux ce deuxi\u00e8me samedi de janvier 2019. Nous lui d\u00e9dions ce message souvenir.<\/div>\n<div style=\"text-align: center;\">\u00a0.<\/div>\n<div>Sylvie et Michel CATHERINE<\/div>\n<div>Union Marcophile<\/div>\n<div>Cercle philat\u00e9lique lexovien<\/div>\n<\/div>\n<div style=\"text-align: center;\">.<\/div>\n<h4>Le cha\u00eenon manquant:<\/h4>\n<div>\n<div>\u00a0Il est des anniversaires qui peuvent s&rsquo;av\u00e9rer plus heureux que le triste \u00e9v\u00e9nement qui les suscite.<\/div>\n<div>Il y a d\u00e9j\u00e0 un an de cela, nous avions li\u00e9 le souvenir de Jocelyn Gille \u00a0\u00bb peintre de l&rsquo;air et de l&rsquo;eau \u00a0\u00bb \u00e0 la disparition d&rsquo;un ami. Le lien \u00e9tait une oeuvre de ce peintre offerte par nous \u00e0 Jean-Marc.<\/div>\n<div>(Voyez ci-dessus)<\/div>\n<div style=\"text-align: center;\">.<\/div>\n<div>\u00a0 Cette magnifique peinture retrouv\u00e9e est offerte ici aux visiteurs de notre site.<\/div>\n<div><\/div>\n<\/div>\n<div><\/div>\n<div><img loading=\"lazy\" decoding=\"async\" class=\" wp-image-6021 aligncenter\" src=\"http:\/\/cpl14.fr\/wp-content\/uploads\/2020\/01\/hydravion.jpg\" alt=\"\" width=\"909\" height=\"702\" srcset=\"https:\/\/cpl14.fr\/wp-content\/uploads\/2020\/01\/hydravion.jpg 632w, https:\/\/cpl14.fr\/wp-content\/uploads\/2020\/01\/hydravion-300x232.jpg 300w\" sizes=\"auto, (max-width: 909px) 100vw, 909px\" \/><\/div>\n<div><\/div>\n<div>\n<div>\u00a0 De seule m\u00e9moire visuelle, nous avions \u00e9voqu\u00e9 un Loire 70 de l&rsquo;a\u00e9ropostale ? Que nenni ! La m\u00e9moire est faible, et l&rsquo;artiste m\u00eame guid\u00e9 par notre d\u00e9sir initial, reste libre de son travail. C&rsquo;est donc l&rsquo;occasion pour nous de red\u00e9couvrir cette oeuvre de pure imagination\u00a0 et rectifier une erreur:<\/div>\n<div style=\"text-align: center;\">.<\/div>\n<div>L&rsquo;avion est un LOIRE 130 (num\u00e9ro 4) hydravion catapult\u00e9 d&rsquo;un navire de la marine nationale fran\u00e7aise<\/div>\n<div>Il est bien ici dans la baie d&rsquo;Along.<\/div>\n<div style=\"text-align: center;\">.<\/div>\n<div>Remerciements : notre amie Agn\u00e8s, qui a des origines familiales en Indochine, fut des nombreux voyages de Jean-Marc au Vietnam. Nous remercions ici Agn\u00e8s et son \u00e9poux, cette oeuvre a trouv\u00e9 chez eux sa meilleur place de conservation, et ils nous font le bonheur d&rsquo;accepter sa diffusion.<\/div>\n<div style=\"text-align: center;\">.<\/div>\n<div>Enfin, puisque les belles histoires n&rsquo;ont pas de fin, nous esp\u00e9rons vous montrer bient\u00f4t de nouvelles BD peintes \u00ab\u00a0en d\u00e9dicace\u00a0\u00bb\u00a0 par Jocelyn Gille.<\/div>\n<div style=\"text-align: center;\">.<\/div>\n<div>voyez cette autre image d&rsquo;un LOIRE 130.<\/div>\n<div><\/div>\n<div><img loading=\"lazy\" decoding=\"async\" class=\"wp-image-5933 aligncenter\" src=\"http:\/\/cpl14.fr\/wp-content\/uploads\/2019\/01\/Cloire130.jpg\" alt=\"\" width=\"600\" height=\"206\" srcset=\"https:\/\/cpl14.fr\/wp-content\/uploads\/2019\/01\/Cloire130.jpg 390w, https:\/\/cpl14.fr\/wp-content\/uploads\/2019\/01\/Cloire130-300x103.jpg 300w\" sizes=\"auto, (max-width: 600px) 100vw, 600px\" \/><\/div>\n<div><\/div>\n<div>Pour l&rsquo;histoire des Loire et les d\u00e9tails techniques consultez le site internet:<\/div>\n<div><a tabindex=\"9999\" href=\"https:\/\/www.avionslegendaires.net\" target=\"_blank\" rel=\"noopener noreferrer\">https:\/\/www.avionslegendaires.net<\/a><\/div>\n<\/div>\n<div style=\"text-align: center;\">.<\/div>\n<div>Pour \u00eatre pr\u00e9cis, de notre biblioth\u00e8que personnelle, nous ajoutons la fiche officielle de l&rsquo;avion LOIRE 130 de l&rsquo;arm\u00e9e fran\u00e7aise (ed. Charles-Lavauzelle &amp; Cie avec les modifications de juin 1942 et juin 1943).<br \/>\nMoteur HS = Hispano-Suiza<\/div>\n<div><img loading=\"lazy\" decoding=\"async\" class=\"wp-image-5936 aligncenter\" src=\"http:\/\/cpl14.fr\/wp-content\/uploads\/2020\/01\/20200103_164746_resized.jpg\" alt=\"\" width=\"601\" height=\"740\" srcset=\"https:\/\/cpl14.fr\/wp-content\/uploads\/2020\/01\/20200103_164746_resized.jpg 1003w, https:\/\/cpl14.fr\/wp-content\/uploads\/2020\/01\/20200103_164746_resized-244x300.jpg 244w, https:\/\/cpl14.fr\/wp-content\/uploads\/2020\/01\/20200103_164746_resized-768x946.jpg 768w, https:\/\/cpl14.fr\/wp-content\/uploads\/2020\/01\/20200103_164746_resized-832x1024.jpg 832w\" sizes=\"auto, (max-width: 601px) 100vw, 601px\" \/> <img loading=\"lazy\" decoding=\"async\" class=\"wp-image-5937 aligncenter\" src=\"http:\/\/cpl14.fr\/wp-content\/uploads\/2020\/01\/20200103_164507_resized.jpg\" alt=\"\" width=\"600\" height=\"800\" srcset=\"https:\/\/cpl14.fr\/wp-content\/uploads\/2020\/01\/20200103_164507_resized.jpg 1512w, https:\/\/cpl14.fr\/wp-content\/uploads\/2020\/01\/20200103_164507_resized-225x300.jpg 225w, https:\/\/cpl14.fr\/wp-content\/uploads\/2020\/01\/20200103_164507_resized-768x1024.jpg 768w\" sizes=\"auto, (max-width: 600px) 100vw, 600px\" \/> <img loading=\"lazy\" decoding=\"async\" class=\"wp-image-5938 aligncenter\" src=\"http:\/\/cpl14.fr\/wp-content\/uploads\/2020\/01\/20200103_164714_resized.jpg\" alt=\"\" width=\"600\" height=\"800\" srcset=\"https:\/\/cpl14.fr\/wp-content\/uploads\/2020\/01\/20200103_164714_resized.jpg 1484w, https:\/\/cpl14.fr\/wp-content\/uploads\/2020\/01\/20200103_164714_resized-225x300.jpg 225w, https:\/\/cpl14.fr\/wp-content\/uploads\/2020\/01\/20200103_164714_resized-768x1024.jpg 768w\" sizes=\"auto, (max-width: 600px) 100vw, 600px\" \/><\/div>\n<div style=\"text-align: center;\">.<\/div>\n<h4>La R\u00e9compense<\/h4>\n<div>\n<p>Il est des moments o\u00f9 nous sommes bien r\u00e9compens\u00e9s de nos publications, et c&rsquo;est pour nous une agr\u00e9able satisfaction de pouvoir les partager avec vous.<br \/>\nJanvier 2020: Suite \u00e0 l&rsquo;ajout du bel avion dans la baie d&rsquo;Along, Ghyslain Gille, fils du peintre, prend contact avec nous et nous promet quelques images provenant de chez sa maman, Madame Gille.<br \/>\nCes photos sont arriv\u00e9es ! Superbes&#8230;<br \/>\nNous remercions ici tr\u00e8s chaleureusement Ghyslain Gille et Madame Gille, pour ce geste sympathique de partage, qui vient compl\u00e9ter notre hommage au peintre.<\/p>\n<p>Les feuilles reproduites ici sont suppos\u00e9es au format standard habituel 40x50cm, comme celles d\u00e9j\u00e0 pr\u00e9sent\u00e9es de nos collections. Papier du commerce genre Canson, ou autre marque.<\/p>\n<p><img loading=\"lazy\" decoding=\"async\" class=\" wp-image-6011 aligncenter\" src=\"http:\/\/cpl14.fr\/wp-content\/uploads\/2020\/01\/Lorient-dans-la-tourmente.jpg\" alt=\"\" width=\"731\" height=\"902\" srcset=\"https:\/\/cpl14.fr\/wp-content\/uploads\/2020\/01\/Lorient-dans-la-tourmente.jpg 810w, https:\/\/cpl14.fr\/wp-content\/uploads\/2020\/01\/Lorient-dans-la-tourmente-243x300.jpg 243w, https:\/\/cpl14.fr\/wp-content\/uploads\/2020\/01\/Lorient-dans-la-tourmente-768x948.jpg 768w\" sizes=\"auto, (max-width: 731px) 100vw, 731px\" \/><\/p>\n<\/div>\n<div style=\"text-align: center;\">Cette premi\u00e8re oeuvre, est la planche originale de la couverture de :<br \/>\nLORIENT DANS LA TOURMENTE ( 1939 &#8211; 1945 )<br \/>\nTexte et dessins de Jocelyn Gille<br \/>\n\u00c9ditions Librairie la Cit\u00e9 et \u00ab\u00a0Le T\u00e9l\u00e9gramme de Brest\u00a0\u00bb (1990)<\/div>\n<div style=\"text-align: center;\">.<\/div>\n<div><img loading=\"lazy\" decoding=\"async\" class=\" wp-image-6012 aligncenter\" src=\"http:\/\/cpl14.fr\/wp-content\/uploads\/2020\/01\/objectif-st-nazaire.jpg\" alt=\"\" width=\"676\" height=\"902\" srcset=\"https:\/\/cpl14.fr\/wp-content\/uploads\/2020\/01\/objectif-st-nazaire.jpg 800w, https:\/\/cpl14.fr\/wp-content\/uploads\/2020\/01\/objectif-st-nazaire-225x300.jpg 225w, https:\/\/cpl14.fr\/wp-content\/uploads\/2020\/01\/objectif-st-nazaire-768x1024.jpg 768w\" sizes=\"auto, (max-width: 676px) 100vw, 676px\" \/><\/div>\n<div>\n<p style=\"text-align: center;\">Cette deuxi\u00e8me peinture est la planche originale de couverture pour l&rsquo;album :<br \/>\n28 MARS 1942 \/ OBJECTIF SAINT &#8211; NAZAIRE<br \/>\nDessins de Jocelyn GILLE<br \/>\nAdaptation de Jean-Philippe LUCAS<br \/>\n\u00c9dition SERPO \/ Presse-Oc\u00e9an (1990)<\/p>\n<p style=\"text-align: center;\">.<\/p>\n<p>Cette peinture suivante non identifi\u00e9e pr\u00e9cis\u00e9ment (pour l&rsquo;instant) est peut-\u00eatre un travail de pr\u00e9paration pour un futur album, non abouti ?<br \/>\nOn remarquera la tour qui est probablement celle de La Rochelle, et le bachi du marin qui porte le nom du cuirass\u00e9 RICHELIEU.<\/p>\n<p><img loading=\"lazy\" decoding=\"async\" class=\" wp-image-6013 aligncenter\" src=\"http:\/\/cpl14.fr\/wp-content\/uploads\/2020\/01\/la-rochelle.jpg\" alt=\"\" width=\"603\" height=\"904\" srcset=\"https:\/\/cpl14.fr\/wp-content\/uploads\/2020\/01\/la-rochelle.jpg 800w, https:\/\/cpl14.fr\/wp-content\/uploads\/2020\/01\/la-rochelle-200x300.jpg 200w, https:\/\/cpl14.fr\/wp-content\/uploads\/2020\/01\/la-rochelle-768x1151.jpg 768w, https:\/\/cpl14.fr\/wp-content\/uploads\/2020\/01\/la-rochelle-683x1024.jpg 683w\" sizes=\"auto, (max-width: 603px) 100vw, 603px\" \/><\/p>\n<p style=\"text-align: center;\">.<\/p>\n<p>Ces deux peinture pr\u00e9sentent:<br \/>\n1. Un cuirass\u00e9 de type RICHELIEU<\/p>\n<p><img loading=\"lazy\" decoding=\"async\" class=\" wp-image-6014 aligncenter\" src=\"http:\/\/cpl14.fr\/wp-content\/uploads\/2020\/01\/le-richelieu.jpg\" alt=\"\" width=\"900\" height=\"602\" srcset=\"https:\/\/cpl14.fr\/wp-content\/uploads\/2020\/01\/le-richelieu.jpg 1000w, https:\/\/cpl14.fr\/wp-content\/uploads\/2020\/01\/le-richelieu-300x201.jpg 300w, https:\/\/cpl14.fr\/wp-content\/uploads\/2020\/01\/le-richelieu-768x514.jpg 768w\" sizes=\"auto, (max-width: 900px) 100vw, 900px\" \/><\/p>\n<p>2. Un d\u00e9part d&rsquo;avion sur Porte- Avion, possible CLEMENCEAU d&rsquo;apr\u00e8s guerre.<\/p>\n<p><img loading=\"lazy\" decoding=\"async\" class=\" wp-image-6015 aligncenter\" src=\"http:\/\/cpl14.fr\/wp-content\/uploads\/2020\/01\/le-clemenceau.jpg\" alt=\"\" width=\"900\" height=\"708\" srcset=\"https:\/\/cpl14.fr\/wp-content\/uploads\/2020\/01\/le-clemenceau.jpg 1000w, https:\/\/cpl14.fr\/wp-content\/uploads\/2020\/01\/le-clemenceau-300x236.jpg 300w, https:\/\/cpl14.fr\/wp-content\/uploads\/2020\/01\/le-clemenceau-768x604.jpg 768w\" sizes=\"auto, (max-width: 900px) 100vw, 900px\" \/><\/p>\n<p>Il faut rappeler ici que l&rsquo;artiste fut autoris\u00e9 \u00e0 plusieurs reprises, \u00e0 monter \u00e0 bord de navires de la Marine fran\u00e7aise pour y exercer ses talents.<\/p>\n<p style=\"text-align: center;\">.<\/p>\n<p><img loading=\"lazy\" decoding=\"async\" class=\" wp-image-6016 aligncenter\" src=\"http:\/\/cpl14.fr\/wp-content\/uploads\/2020\/01\/le-belem.jpg\" alt=\"\" width=\"700\" height=\"900\" srcset=\"https:\/\/cpl14.fr\/wp-content\/uploads\/2020\/01\/le-belem.jpg 800w, https:\/\/cpl14.fr\/wp-content\/uploads\/2020\/01\/le-belem-233x300.jpg 233w, https:\/\/cpl14.fr\/wp-content\/uploads\/2020\/01\/le-belem-768x987.jpg 768w, https:\/\/cpl14.fr\/wp-content\/uploads\/2020\/01\/le-belem-797x1024.jpg 797w\" sizes=\"auto, (max-width: 700px) 100vw, 700px\" \/><\/p>\n<p>Cette magnifique sc\u00e8ne est la planche originale de la carte postale d\u00e9j\u00e0 pr\u00e9sent\u00e9e plus haut dans notre th\u00e9matique de Jocelyn GILLE.<br \/>\n(Revoyez la description de la carte)<br \/>\nLe bateau en arri\u00e8re plan est identifi\u00e9 comme le 3 mats BELEM, bien connu de nos concitoyens fervents de marine et de belles manifestations type \u00ab\u00a0Armada\u00a0\u00bb.<\/p>\n<p style=\"text-align: center;\">.<\/p>\n<p>Cette peinture\u00a0\u00bb d&rsquo;inspiration\u00a0\u00bb, de source photographique repr\u00e9sente le \u00a0\u00bb POURQUOI-PAS ? \u00a0\u00bb de Jean-Baptiste CHARCOT, ici lors de son voyage en Antarctique *<\/p>\n<p><img loading=\"lazy\" decoding=\"async\" class=\" wp-image-6017 aligncenter\" src=\"http:\/\/cpl14.fr\/wp-content\/uploads\/2020\/01\/le-pourquoi-pas.jpg\" alt=\"\" width=\"899\" height=\"599\" srcset=\"https:\/\/cpl14.fr\/wp-content\/uploads\/2020\/01\/le-pourquoi-pas.jpg 1000w, https:\/\/cpl14.fr\/wp-content\/uploads\/2020\/01\/le-pourquoi-pas-300x200.jpg 300w, https:\/\/cpl14.fr\/wp-content\/uploads\/2020\/01\/le-pourquoi-pas-768x511.jpg 768w\" sizes=\"auto, (max-width: 899px) 100vw, 899px\" \/><br \/>\nCe document montre le talent de notre peintre \u00e0 reproduire les couleurs de la lumi\u00e8re et du froid polaire, avec des nuances relativement tr\u00e8s simples !<br \/>\n* R\u00e9f. POURQUOI-PAS IV , 2e exp\u00e9dition antarctique de 1908.1910<\/p>\n<p style=\"text-align: center;\">.<\/p>\n<p>Ici une tr\u00e8s belle pi\u00e8ce d&rsquo;imagination, bien encadr\u00e9e, o\u00f9 le peintre montre sa belle technique.<br \/>\nLe Titanic est pr\u00e9sent\u00e9 avec un remorqueur, immatricul\u00e9 \u00e0 Brest ! Clin d&rsquo;oeil du peintre \u00e0 sa Bretagne&#8230; le Titanic n&rsquo;\u00e9tant pas all\u00e9 \u00e0 Brest *, et nous n&rsquo;avons pas non plus identifi\u00e9 de remorqueur du nom ALSACE (?) Peut-\u00eatre un deuxi\u00e8me \u00ab\u00a0signe\u00a0\u00bb ?<\/p>\n<p><img loading=\"lazy\" decoding=\"async\" class=\" wp-image-6018 aligncenter\" src=\"http:\/\/cpl14.fr\/wp-content\/uploads\/2020\/01\/le-titanic.jpeg\" alt=\"\" width=\"900\" height=\"675\" srcset=\"https:\/\/cpl14.fr\/wp-content\/uploads\/2020\/01\/le-titanic.jpeg 1632w, https:\/\/cpl14.fr\/wp-content\/uploads\/2020\/01\/le-titanic-300x225.jpeg 300w, https:\/\/cpl14.fr\/wp-content\/uploads\/2020\/01\/le-titanic-768x576.jpeg 768w, https:\/\/cpl14.fr\/wp-content\/uploads\/2020\/01\/le-titanic-1024x768.jpeg 1024w, https:\/\/cpl14.fr\/wp-content\/uploads\/2020\/01\/le-titanic-678x509.jpeg 678w, https:\/\/cpl14.fr\/wp-content\/uploads\/2020\/01\/le-titanic-326x245.jpeg 326w, https:\/\/cpl14.fr\/wp-content\/uploads\/2020\/01\/le-titanic-80x60.jpeg 80w\" sizes=\"auto, (max-width: 900px) 100vw, 900px\" \/><\/p>\n<p>* voyage inaugural du Titanic en 1912:<br \/>\nSouthampton, Cherbourg (en rade) et Queenstown (Sud Irlande).<br \/>\n(Comparez aussi cette oeuvre avec le Queen Mary 2 de la Cunard Line, pr\u00e9sent\u00e9 plus haut).<\/p>\n<p style=\"text-align: center;\">.<\/p>\n<p>La derni\u00e8re peinture de cette jolie s\u00e9quence nous ram\u00e8ne \u00e0 l&rsquo;Aviation.<br \/>\nNous voyons le pilote Alexis MANEYROL originaire de Loire Atlantique, devant son avion monoplan BLERIOT moteur ANZANI, sur lequel il passa son brevet de pilote (plus de d\u00e9tails : <a href=\"https:\/\/fr.wikipedia.org\/wiki\/Alexis_Maneyrol\">Wikipedia<\/a> )<br \/>\nIl se rendit c\u00e9l\u00e8bre par ses exploits en planeur, sp\u00e9cialit\u00e9 h\u00e9las o\u00f9 il trouva la mort dans une tentative de record d&rsquo;altitude&#8230;<br \/>\nVoyez ce bon forum internet sur les planeurs de ce pilote et son club souvenir : <a href=\"http:\/\/www.retroplane.net\/forum\/viewtopic.php?t=2336\">www.retroplane.net<\/a><\/p>\n<p><img loading=\"lazy\" decoding=\"async\" class=\" wp-image-6019 aligncenter\" src=\"http:\/\/cpl14.fr\/wp-content\/uploads\/2020\/01\/alexis-maynerol.jpg\" alt=\"\" width=\"629\" height=\"903\" srcset=\"https:\/\/cpl14.fr\/wp-content\/uploads\/2020\/01\/alexis-maynerol.jpg 800w, https:\/\/cpl14.fr\/wp-content\/uploads\/2020\/01\/alexis-maynerol-209x300.jpg 209w, https:\/\/cpl14.fr\/wp-content\/uploads\/2020\/01\/alexis-maynerol-768x1102.jpg 768w, https:\/\/cpl14.fr\/wp-content\/uploads\/2020\/01\/alexis-maynerol-714x1024.jpg 714w\" sizes=\"auto, (max-width: 629px) 100vw, 629px\" \/><\/p>\n<p>Nous terminons cette nouvelle \u00e9tape de notre voyage \u00ab\u00a0mer et air\u00a0\u00bb en vous rappelant que toute oeuvre non cit\u00e9e, qui nous serait communiqu\u00e9e, serait la bienvenue.<br \/>\nNous recherchons aussi d&rsquo;autres cartes postales&#8230;<\/p>\n<\/div>\n","protected":false},"excerpt":{"rendered":"<div class=\"mh-excerpt\"><p>Mise \u00e0 jour du 11 f\u00e9vrier 2020, voir \u00ab\u00a0la r\u00e9compense\u00a0\u00bb en fin d&rsquo;article . \u00a0Nous allons vous conter aujourd&rsquo;hui un souvenir personnel et d&rsquo;amiti\u00e9. En <a class=\"mh-excerpt-more\" href=\"https:\/\/cpl14.fr\/?p=4794\" title=\"Un bel illustrateur : Jocelyn GILLE\">[&#8230;]<\/a><\/p>\n<\/div>","protected":false},"author":1,"featured_media":4795,"comment_status":"open","ping_status":"open","sticky":false,"template":"","format":"standard","meta":{"footnotes":""},"categories":[17,14],"tags":[230,231,229,109,135],"class_list":["post-4794","post","type-post","status-publish","format-standard","has-post-thumbnail","hentry","category-histoire-postale-et-marcophilie","category-objets-darts-collections-diverses-et-curiosite","tag-aero-naval","tag-avions","tag-bande-dessinee","tag-bd","tag-illustrateur"],"_links":{"self":[{"href":"https:\/\/cpl14.fr\/index.php?rest_route=\/wp\/v2\/posts\/4794","targetHints":{"allow":["GET"]}}],"collection":[{"href":"https:\/\/cpl14.fr\/index.php?rest_route=\/wp\/v2\/posts"}],"about":[{"href":"https:\/\/cpl14.fr\/index.php?rest_route=\/wp\/v2\/types\/post"}],"author":[{"embeddable":true,"href":"https:\/\/cpl14.fr\/index.php?rest_route=\/wp\/v2\/users\/1"}],"replies":[{"embeddable":true,"href":"https:\/\/cpl14.fr\/index.php?rest_route=%2Fwp%2Fv2%2Fcomments&post=4794"}],"version-history":[{"count":31,"href":"https:\/\/cpl14.fr\/index.php?rest_route=\/wp\/v2\/posts\/4794\/revisions"}],"predecessor-version":[{"id":6022,"href":"https:\/\/cpl14.fr\/index.php?rest_route=\/wp\/v2\/posts\/4794\/revisions\/6022"}],"wp:featuredmedia":[{"embeddable":true,"href":"https:\/\/cpl14.fr\/index.php?rest_route=\/wp\/v2\/media\/4795"}],"wp:attachment":[{"href":"https:\/\/cpl14.fr\/index.php?rest_route=%2Fwp%2Fv2%2Fmedia&parent=4794"}],"wp:term":[{"taxonomy":"category","embeddable":true,"href":"https:\/\/cpl14.fr\/index.php?rest_route=%2Fwp%2Fv2%2Fcategories&post=4794"},{"taxonomy":"post_tag","embeddable":true,"href":"https:\/\/cpl14.fr\/index.php?rest_route=%2Fwp%2Fv2%2Ftags&post=4794"}],"curies":[{"name":"wp","href":"https:\/\/api.w.org\/{rel}","templated":true}]}}