{"id":558,"date":"2017-05-26T11:51:22","date_gmt":"2017-05-26T09:51:22","guid":{"rendered":"http:\/\/cpl14.fr\/?p=558"},"modified":"2018-12-15T09:51:05","modified_gmt":"2018-12-15T08:51:05","slug":"lheure-de-lisieux","status":"publish","type":"post","link":"https:\/\/cpl14.fr\/?p=558","title":{"rendered":"L&rsquo;Heure de Lisieux"},"content":{"rendered":"<p dir=\"ltr\">Clin d&rsquo;oeil local, nous pr\u00e9sentons ici un mouvement (seul) d&rsquo;horloge COMTOISE de la Maison MARETTE METAIS \u00e0 Lisieux.<br \/>\nTr\u00e9s en vogue \u00e0 la fin du XIXe si\u00e8cle jusqu&rsquo;\u00e0 la premi\u00e8re guerre mondiale, les horloges de Franche-Comt\u00e9 dites \u00ab\u00a0Comtoises\u00a0\u00bb \u00e9taient enferm\u00e9es dans des caisses, le plus souvent en sapin, et plus ou moins bien orn\u00e9es de peintures, souvent \u00e0 fleurs. Il y en a de tr\u00e8s jolies, mais \u00e7a n&rsquo;est pas la majorit\u00e9, loin s&rsquo;en faut. Nous pr\u00e9f\u00e9rons la version \u00a0\u00bb nue \u00a0\u00bb qui donne au m\u00e9canisme, au balancier et \u00e0 la sonnerie sa vraie sonorit\u00e9 de \u00ab\u00a0machine\u00a0\u00bb ancienne.<br \/>\n&#8211;\u00a0A sonnerie \u00e0 ressort, 2 fois les heures, elle ne se remonte que tous les 7 jours. Sa pr\u00e9cision est \u00e9tonnante !<\/p>\n<p dir=\"ltr\"><img loading=\"lazy\" decoding=\"async\" class=\"alignnone size-full wp-image-4590\" src=\"http:\/\/cpl14.fr\/wp-content\/uploads\/2017\/05\/2-16.jpg\" alt=\"\" width=\"700\" height=\"2243\" srcset=\"https:\/\/cpl14.fr\/wp-content\/uploads\/2017\/05\/2-16.jpg 700w, https:\/\/cpl14.fr\/wp-content\/uploads\/2017\/05\/2-16-94x300.jpg 94w, https:\/\/cpl14.fr\/wp-content\/uploads\/2017\/05\/2-16-320x1024.jpg 320w\" sizes=\"auto, (max-width: 700px) 100vw, 700px\" \/><\/p>\n<p dir=\"ltr\">Les nombreux fabricants du Jura ou du Doubs, proposaient leurs horloges \u00ab\u00a0A choix\u00a0\u00bb avec de nombreuses options possibles, dont le marquage du cadran au nom du vendeur. La maison MARETTE METAIS, bien connue des lexoviens, se trouvait en bas de la Grande Rue (actuelle Henri Ch\u00e9ron) en face de l&rsquo;h\u00f4tel d&rsquo;Espagne.<br \/>\nVoyez la Photo de la Grande Rue et une publicit\u00e9 de Presse de m\u00eame \u00e9poque.<\/p>\n<p dir=\"ltr\"><img loading=\"lazy\" decoding=\"async\" class=\"aligncenter size-large wp-image-570\" src=\"http:\/\/cpl14.fr\/wp-content\/uploads\/2017\/05\/20170525_161322-1024x621.jpg\" alt=\"\" width=\"1024\" height=\"621\" srcset=\"https:\/\/cpl14.fr\/wp-content\/uploads\/2017\/05\/20170525_161322-1024x621.jpg 1024w, https:\/\/cpl14.fr\/wp-content\/uploads\/2017\/05\/20170525_161322-300x182.jpg 300w, https:\/\/cpl14.fr\/wp-content\/uploads\/2017\/05\/20170525_161322-768x466.jpg 768w\" sizes=\"auto, (max-width: 1024px) 100vw, 1024px\" \/><\/p>\n<p dir=\"ltr\">Sur l&rsquo;agrandissement on distingue l&rsquo;enseigne en \u00e9toile \u00e0 5 branches avec horloge au centre.<br \/>\n<img loading=\"lazy\" decoding=\"async\" class=\"aligncenter size-large wp-image-571\" src=\"http:\/\/cpl14.fr\/wp-content\/uploads\/2017\/05\/20170525_161439-1024x946.jpg\" alt=\"\" width=\"1024\" height=\"946\" srcset=\"https:\/\/cpl14.fr\/wp-content\/uploads\/2017\/05\/20170525_161439-1024x946.jpg 1024w, https:\/\/cpl14.fr\/wp-content\/uploads\/2017\/05\/20170525_161439-300x277.jpg 300w, https:\/\/cpl14.fr\/wp-content\/uploads\/2017\/05\/20170525_161439-768x709.jpg 768w, https:\/\/cpl14.fr\/wp-content\/uploads\/2017\/05\/20170525_161439.jpg 1045w\" sizes=\"auto, (max-width: 1024px) 100vw, 1024px\" \/><\/p>\n<p dir=\"ltr\">Plus tard on retrouve cette maison apr\u00e8s les destructions de 1944, rue Pont Mortain et Bd Ste Anne dans les ann\u00e9es 60.<br \/>\nPour compl\u00e9ter nous montrons un extrait de prospectus de 1884 (provenant de l&rsquo;archive d&rsquo;une quincaillerie proche de Lisieux, et collect\u00e9e en 2016).<br \/>\nIl met en \u00e9vidence le grand choix de balanciers, ainsi que les tarifs. Notez au passage le balancier \u00ab\u00a0gerbe de bl\u00e9 \u00a0\u00bb assez proche du n\u00f4tre !<br \/>\nPhotos du prospectus :<\/p>\n<p dir=\"ltr\"><img loading=\"lazy\" decoding=\"async\" class=\"aligncenter size-large wp-image-572\" src=\"http:\/\/cpl14.fr\/wp-content\/uploads\/2017\/05\/20170525_161829-766x1024.jpg\" alt=\"\" width=\"766\" height=\"1024\" srcset=\"https:\/\/cpl14.fr\/wp-content\/uploads\/2017\/05\/20170525_161829-766x1024.jpg 766w, https:\/\/cpl14.fr\/wp-content\/uploads\/2017\/05\/20170525_161829-224x300.jpg 224w, https:\/\/cpl14.fr\/wp-content\/uploads\/2017\/05\/20170525_161829-768x1027.jpg 768w\" sizes=\"auto, (max-width: 766px) 100vw, 766px\" \/><\/p>\n<p dir=\"ltr\"><img loading=\"lazy\" decoding=\"async\" class=\"aligncenter size-large wp-image-573\" src=\"http:\/\/cpl14.fr\/wp-content\/uploads\/2017\/05\/20170525_161918-683x1024.jpg\" alt=\"\" width=\"683\" height=\"1024\" srcset=\"https:\/\/cpl14.fr\/wp-content\/uploads\/2017\/05\/20170525_161918-683x1024.jpg 683w, https:\/\/cpl14.fr\/wp-content\/uploads\/2017\/05\/20170525_161918-200x300.jpg 200w, https:\/\/cpl14.fr\/wp-content\/uploads\/2017\/05\/20170525_161918-768x1152.jpg 768w\" sizes=\"auto, (max-width: 683px) 100vw, 683px\" \/><\/p>\n<p dir=\"ltr\">Bibliographie :<br \/>\n&#8211; La m\u00e9canique du geste (E.Cournarie) une belle initiation simple \u00e0 la m\u00e9canique horlog\u00e8re (et l&rsquo;histoire d&rsquo;une\u00a0 grande fabrique de Normandie).\u00a0\u00a0Publi\u00e9 par le Mus\u00e9e de St Nicolas d&rsquo;Aliermont: visite conseill\u00e9e ! (\u00c9dition des Falaises. 2011).<\/p>\n<p dir=\"ltr\">&#8211; Pour ceux qui veulent aller plus loin, dans la science et les relations avec la POSTE et les CHEMINS DE FER nous recommandons:<\/p>\n<p dir=\"ltr\">Gilbert Douron.\u00a0 UNE HISTOIRE DE L&rsquo;HEURE, les apports majeurs des postes et des chemins de fer.<br \/>\nCela vous donnera par exemple l&rsquo;occasion de d\u00e9couvrir le sens de \u00ab\u00a0heure de Rouen \u00a0\u00bb et \u00ab\u00a0heure d&rsquo;Argentan\u00a0\u00bb ? Un vrai programme normand \u00e9crit par un dr\u00f4mois.\u00a0(400 pages . Archi document\u00e9 et bien\u00a0 illustr\u00e9, cet ouvrage est un hors s\u00e9rie de la revue de la Soci\u00e9t\u00e9 des Amis du Mus\u00e9e Postal 2016. A commander SAMP = voyez dans liens).<\/p>\n<p dir=\"ltr\">R\u00e9f.\u00a0 Collection priv\u00e9e\u00a0 ( LISIEUX )<\/p>\n","protected":false},"excerpt":{"rendered":"<div class=\"mh-excerpt\"><p>Clin d&rsquo;oeil local, nous pr\u00e9sentons ici un mouvement (seul) d&rsquo;horloge COMTOISE de la Maison MARETTE METAIS \u00e0 Lisieux. Tr\u00e9s en vogue \u00e0 la fin du <a class=\"mh-excerpt-more\" href=\"https:\/\/cpl14.fr\/?p=558\" title=\"L&rsquo;Heure de Lisieux\">[&#8230;]<\/a><\/p>\n<\/div>","protected":false},"author":1,"featured_media":4592,"comment_status":"open","ping_status":"open","sticky":false,"template":"","format":"standard","meta":{"footnotes":""},"categories":[18,14],"tags":[83,84,40],"class_list":["post-558","post","type-post","status-publish","format-standard","has-post-thumbnail","hentry","category-lisieux","category-objets-darts-collections-diverses-et-curiosite","tag-heure","tag-horloge","tag-lisieux"],"_links":{"self":[{"href":"https:\/\/cpl14.fr\/index.php?rest_route=\/wp\/v2\/posts\/558","targetHints":{"allow":["GET"]}}],"collection":[{"href":"https:\/\/cpl14.fr\/index.php?rest_route=\/wp\/v2\/posts"}],"about":[{"href":"https:\/\/cpl14.fr\/index.php?rest_route=\/wp\/v2\/types\/post"}],"author":[{"embeddable":true,"href":"https:\/\/cpl14.fr\/index.php?rest_route=\/wp\/v2\/users\/1"}],"replies":[{"embeddable":true,"href":"https:\/\/cpl14.fr\/index.php?rest_route=%2Fwp%2Fv2%2Fcomments&post=558"}],"version-history":[{"count":6,"href":"https:\/\/cpl14.fr\/index.php?rest_route=\/wp\/v2\/posts\/558\/revisions"}],"predecessor-version":[{"id":4593,"href":"https:\/\/cpl14.fr\/index.php?rest_route=\/wp\/v2\/posts\/558\/revisions\/4593"}],"wp:featuredmedia":[{"embeddable":true,"href":"https:\/\/cpl14.fr\/index.php?rest_route=\/wp\/v2\/media\/4592"}],"wp:attachment":[{"href":"https:\/\/cpl14.fr\/index.php?rest_route=%2Fwp%2Fv2%2Fmedia&parent=558"}],"wp:term":[{"taxonomy":"category","embeddable":true,"href":"https:\/\/cpl14.fr\/index.php?rest_route=%2Fwp%2Fv2%2Fcategories&post=558"},{"taxonomy":"post_tag","embeddable":true,"href":"https:\/\/cpl14.fr\/index.php?rest_route=%2Fwp%2Fv2%2Ftags&post=558"}],"curies":[{"name":"wp","href":"https:\/\/api.w.org\/{rel}","templated":true}]}}