{"id":5895,"date":"2020-01-04T13:15:06","date_gmt":"2020-01-04T12:15:06","guid":{"rendered":"http:\/\/cpl14.fr\/?p=5895"},"modified":"2020-01-30T18:08:35","modified_gmt":"2020-01-30T17:08:35","slug":"la-montargis-de-caen-r-p","status":"publish","type":"post","link":"https:\/\/cpl14.fr\/?p=5895","title":{"rendered":"La \u00ab\u00a0MONTARGIS\u00a0\u00bb de CAEN R.P."},"content":{"rendered":"<p>Dans son ouvrage \u00ab\u00a0L&rsquo;oblit\u00e9ration m\u00e9canique en France\u00a0\u00bb, Yvon Nouaz\u00e9 nous indique que ce type d&#8217;empreinte est apparu pour la premi\u00e8re fois \u00e0 Montargis le 07.08.69, o\u00f9 le timbre \u00e0 date est remplac\u00e9 par un \u00ab\u00a0bloc\u00a0\u00bb indiquant uniquement le nom du bureau distributeur.<br \/>\nLes marcophiles vont donc la nommer \u00ab\u00a0empreinte type Montargis\u00a0\u00bb<br \/>\nLa d\u00e9signation exacte est \u00ab\u00a0<strong>griffe sp\u00e9ciale pour l&rsquo;annulation m\u00e9canique des figurines non oblit\u00e9r\u00e9es au d\u00e9part<\/strong>\u00a0\u00bb (article 001.0015 dans la nomenclature 500-50 du mat\u00e9riel des PTT).<br \/>\nIl n&rsquo;est pas possible d&rsquo;indiquer une date sur le bloc dateur en application du principe \u00ab\u00a0le cachet de la poste faisant foi\u00a0\u00bb puisque la date serait post\u00e9rieure \u00e0 l&rsquo;entr\u00e9e du pli dans le service postal.<\/p>\n<p>Cette OMEC (oblit\u00e9ration m\u00e9canique) se caract\u00e9rise par un carr\u00e9 de lignes ondul\u00e9es rempla\u00e7ant le bloc dateur, avec le nom du bureau inscrit en son centre. A Caen, les 5 lignes ondul\u00e9es de la flamme sont g\u00e9n\u00e9ralement descendantes (en W, comme sur l&rsquo;image ci-dessus).<\/p>\n<p>mais on peut la trouver aussi avec lignes ondul\u00e9es montantes (en M):<\/p>\n<p><img loading=\"lazy\" decoding=\"async\" class=\" wp-image-5898 aligncenter\" src=\"http:\/\/cpl14.fr\/wp-content\/uploads\/2019\/12\/montargis-1.jpg\" alt=\"\" width=\"697\" height=\"502\" srcset=\"https:\/\/cpl14.fr\/wp-content\/uploads\/2019\/12\/montargis-1.jpg 942w, https:\/\/cpl14.fr\/wp-content\/uploads\/2019\/12\/montargis-1-300x216.jpg 300w, https:\/\/cpl14.fr\/wp-content\/uploads\/2019\/12\/montargis-1-768x553.jpg 768w\" sizes=\"auto, (max-width: 697px) 100vw, 697px\" \/><\/p>\n<p>Comme il n&rsquo;y a plus de dateur, il est difficile de dater les courriers&#8230; sauf si la lettre porte l&#8217;empreinte \u00ab\u00a0faut\u00e9e\u00a0\u00bb de l&rsquo;OMEC de d\u00e9part, ou si la flamme de l&rsquo;OMEC type Montargis permet de dater son usage. Derni\u00e8re solution pour d\u00e9terminer un cr\u00e9neau de dates, le timbre utilis\u00e9 pour l&rsquo;affranchissement.<\/p>\n<p>Cette marque postale sera utilis\u00e9e au bureau de CAEN R.P. (recette principale) probablement \u00e0 partir du d\u00e9but de l&rsquo;ann\u00e9e 1974 comme en attestent les lettres montr\u00e9es ici et provenant d&rsquo;une importante archive caennaise.<\/p>\n<p>On connait 22 bureaux ayant utilis\u00e9 cette OMEC<br \/>\nentre ao\u00fbt 1969 et son retrait en 1984:<\/p>\n<p>Amiens gare, Amiens RP, Bourges RP, <strong>Caen RP, <\/strong>Chartres RP, Chateauroux RP, Colmar RP, Evreux RP, Fleury les Aubrais, Grenoble centre tri, Guebwiller, Le Mans RP, Lille RP, Montargis, Mulhouse, Orl\u00e9ans RP, Orl\u00e9ans 01, Roubaix Ppal Nord, Toulouse RP, Toulouse 01, Tourcoing Ppal et Tours 01<\/p>\n<p>A Caen, entre ao\u00fbt 1969 et mai 1973, on utilise encore la griffe CAEN R.P. ou l&rsquo;OMEC CAEN R.P. avec dateur pour annuler les timbre ayant \u00e9chapp\u00e9 \u00e0 l&rsquo;annulation m\u00e9canique au d\u00e9part:<\/p>\n<p><img loading=\"lazy\" decoding=\"async\" class=\" wp-image-5901 aligncenter\" src=\"http:\/\/cpl14.fr\/wp-content\/uploads\/2019\/12\/montargis-2a.jpg\" alt=\"\" width=\"700\" height=\"492\" srcset=\"https:\/\/cpl14.fr\/wp-content\/uploads\/2019\/12\/montargis-2a.jpg 906w, https:\/\/cpl14.fr\/wp-content\/uploads\/2019\/12\/montargis-2a-300x211.jpg 300w, https:\/\/cpl14.fr\/wp-content\/uploads\/2019\/12\/montargis-2a-768x539.jpg 768w\" sizes=\"auto, (max-width: 700px) 100vw, 700px\" \/><\/p>\n<p style=\"text-align: center;\">Lettre du 18 septembre 1969 de CAEN GARE pour CAEN<br \/>\naffranchie d&rsquo;une Marianne de Cheffer 0,30F<br \/>\ntimbre typographi\u00e9, sans phosphore<br \/>\nOMEC faut\u00e9e de CAEN GARE, SECAP avec flamme illustr\u00e9e, hors timbre<br \/>\nlettre pass\u00e9e \u00e0 l&rsquo;envers dans la machine<br \/>\nannulation du timbre \u00e0 CAEN R.P. probablement le 19.09.1969 par la griffe CAEN R.P.<\/p>\n<p>&nbsp;<\/p>\n<p><img loading=\"lazy\" decoding=\"async\" class=\"wp-image-5900 aligncenter\" src=\"http:\/\/cpl14.fr\/wp-content\/uploads\/2019\/12\/montargis-2b.jpg\" alt=\"\" width=\"700\" height=\"514\" srcset=\"https:\/\/cpl14.fr\/wp-content\/uploads\/2019\/12\/montargis-2b.jpg 936w, https:\/\/cpl14.fr\/wp-content\/uploads\/2019\/12\/montargis-2b-300x220.jpg 300w, https:\/\/cpl14.fr\/wp-content\/uploads\/2019\/12\/montargis-2b-768x564.jpg 768w, https:\/\/cpl14.fr\/wp-content\/uploads\/2019\/12\/montargis-2b-80x60.jpg 80w\" sizes=\"auto, (max-width: 700px) 100vw, 700px\" \/><\/p>\n<p style=\"text-align: center;\">Lettre du 16 mai 1973 de LE MANS GARE pour CAEN<br \/>\naffranchie d&rsquo;une Marianne de Cheffer 0,30F<br \/>\ntimbre typographi\u00e9, sans phosphore<br \/>\nOMEC faut\u00e9e de LE MANS GARE, SECAP avec flamme illustr\u00e9e, hors timbre<br \/>\nlettre pass\u00e9e \u00e0 l&rsquo;envers dans la machine<br \/>\nannulation du timbre \u00e0 CAEN R.P. le 19 mai 1973<br \/>\npar OMEC SECAP \u00e0 5 lignes ondul\u00e9es<\/p>\n<p>&nbsp;<\/p>\n<p>Lors du d\u00e9pouillement de l&rsquo;archive notariale que nous avons pu recueillir, couvrant de 1950 \u00e0 1985, <strong>aucune marque n&rsquo;a \u00e9t\u00e9 trouv\u00e9e dans les cartons ant\u00e9rieurs \u00e0 l&rsquo;ann\u00e9e 1974<\/strong>, mais nous allons essayer de pr\u00e9ciser notre recherche.<\/p>\n<h4>Lettres provenant des cartons de 1974:<\/h4>\n<p><img loading=\"lazy\" decoding=\"async\" class=\" wp-image-5902 aligncenter\" src=\"http:\/\/cpl14.fr\/wp-content\/uploads\/2019\/12\/montargis-3.jpg\" alt=\"\" width=\"701\" height=\"502\" srcset=\"https:\/\/cpl14.fr\/wp-content\/uploads\/2019\/12\/montargis-3.jpg 942w, https:\/\/cpl14.fr\/wp-content\/uploads\/2019\/12\/montargis-3-300x215.jpg 300w, https:\/\/cpl14.fr\/wp-content\/uploads\/2019\/12\/montargis-3-768x550.jpg 768w\" sizes=\"auto, (max-width: 701px) 100vw, 701px\" \/><\/p>\n<p style=\"text-align: center;\">Lettre affranchie d&rsquo;une Marianne de Cheffer 0,30F<br \/>\ntimbre typographi\u00e9, avec 1 bande de phosphore \u00e0 droite<br \/>\nCe timbre sert \u00e0 affranchir les lettres<br \/>\nau 1er \u00e9chelon de poid (moins de 20g), au tarif lent,<br \/>\nentre mars 1970 et le 15 septembre 1974<\/p>\n<p>Notre cr\u00e9neau pour la premi\u00e8re date connue est donc:<br \/>\n-entre mars 1970 et le 15 septembre 1974<\/p>\n<p>La lettre suivante nous permet de restreindre le cr\u00e9neau:<\/p>\n<p><img loading=\"lazy\" decoding=\"async\" class=\"wp-image-5903 aligncenter\" src=\"http:\/\/cpl14.fr\/wp-content\/uploads\/2019\/12\/montargis-4a.jpg\" alt=\"\" width=\"701\" height=\"501\" srcset=\"https:\/\/cpl14.fr\/wp-content\/uploads\/2019\/12\/montargis-4a.jpg 948w, https:\/\/cpl14.fr\/wp-content\/uploads\/2019\/12\/montargis-4a-300x215.jpg 300w, https:\/\/cpl14.fr\/wp-content\/uploads\/2019\/12\/montargis-4a-768x549.jpg 768w\" sizes=\"auto, (max-width: 701px) 100vw, 701px\" \/><\/p>\n<p style=\"text-align: center;\">Lettre affranchie d&rsquo;une Marianne de B\u00e9quet 0,50F<br \/>\navec 3 bandes de phosphore<br \/>\nCe timbre sert \u00e0 affranchir les lettres au 1er \u00e9chelon de poids (moins de 20g),<br \/>\nau tarif rapide, entre le 2 f\u00e9vrier 1971 et le 15 septembre 1974<\/p>\n<p>Nous sommes maintenant<br \/>\n-entre le 2 f\u00e9vrier 1971 et le 15 septembre 1974<\/p>\n<p>&nbsp;<\/p>\n<p><img loading=\"lazy\" decoding=\"async\" class=\"wp-image-5904 aligncenter\" src=\"http:\/\/cpl14.fr\/wp-content\/uploads\/2019\/12\/montargis-4b.jpg\" alt=\"\" width=\"699\" height=\"513\" srcset=\"https:\/\/cpl14.fr\/wp-content\/uploads\/2019\/12\/montargis-4b.jpg 936w, https:\/\/cpl14.fr\/wp-content\/uploads\/2019\/12\/montargis-4b-300x220.jpg 300w, https:\/\/cpl14.fr\/wp-content\/uploads\/2019\/12\/montargis-4b-768x564.jpg 768w, https:\/\/cpl14.fr\/wp-content\/uploads\/2019\/12\/montargis-4b-80x60.jpg 80w\" sizes=\"auto, (max-width: 699px) 100vw, 699px\" \/><\/p>\n<p style=\"text-align: center;\">Lettre affranchie d&rsquo;un Code Postal 0,30F<br \/>\nCe timbre sert \u00e0 affranchir les lettres au 1er \u00e9chelon de poids<br \/>\nau tarif lent, entre le 5 juin 1972 et le 15 septembre 1974<\/p>\n<p>&nbsp;<\/p>\n<p><img loading=\"lazy\" decoding=\"async\" class=\"wp-image-5907 aligncenter\" src=\"http:\/\/cpl14.fr\/wp-content\/uploads\/2019\/12\/montargis-6a.jpg\" alt=\"\" width=\"701\" height=\"497\" srcset=\"https:\/\/cpl14.fr\/wp-content\/uploads\/2019\/12\/montargis-6a.jpg 948w, https:\/\/cpl14.fr\/wp-content\/uploads\/2019\/12\/montargis-6a-300x213.jpg 300w, https:\/\/cpl14.fr\/wp-content\/uploads\/2019\/12\/montargis-6a-768x544.jpg 768w\" sizes=\"auto, (max-width: 701px) 100vw, 701px\" \/><\/p>\n<p style=\"text-align: center;\">Lettre affranchie d&rsquo;un Encouragement \u00e0 l&rsquo;Industrie 0,60F<br \/>\n\u00e9mis entre novembre 1972 et juillet 1973<br \/>\naffranchissement \u00ab\u00a0philat\u00e9lique\u00a0\u00bb<br \/>\nle tarif rapide, entre le 4 janvier 1971 et le 15 septembre 1974 est de 0,50F<\/p>\n<p>&nbsp;<\/p>\n<p><img loading=\"lazy\" decoding=\"async\" class=\"wp-image-5905 aligncenter\" src=\"http:\/\/cpl14.fr\/wp-content\/uploads\/2019\/12\/montargis-5a.jpg\" alt=\"\" width=\"651\" height=\"425\" srcset=\"https:\/\/cpl14.fr\/wp-content\/uploads\/2019\/12\/montargis-5a.jpg 822w, https:\/\/cpl14.fr\/wp-content\/uploads\/2019\/12\/montargis-5a-300x196.jpg 300w, https:\/\/cpl14.fr\/wp-content\/uploads\/2019\/12\/montargis-5a-768x502.jpg 768w\" sizes=\"auto, (max-width: 651px) 100vw, 651px\" \/><\/p>\n<p style=\"text-align: center;\">Lettre affranchie d&rsquo;une Marianne de B\u00e9quet 0,50F<br \/>\nEmpreinte faut\u00e9e de l&rsquo;OMEC de Sens du 15 ao\u00fbt 1974<br \/>\n(La ville de Sens, dans l&rsquo;Yonne est jumel\u00e9e avec L\u00f6rrach)<\/p>\n<p>Nous sommes maintenant<br \/>\n-entre le 5 juin 1972 et le 15 ao\u00fbt 1974<\/p>\n<p>&nbsp;<\/p>\n<p><img loading=\"lazy\" decoding=\"async\" class=\"wp-image-5908 aligncenter\" src=\"http:\/\/cpl14.fr\/wp-content\/uploads\/2019\/12\/montargis-7.jpg\" alt=\"\" width=\"701\" height=\"492\" srcset=\"https:\/\/cpl14.fr\/wp-content\/uploads\/2019\/12\/montargis-7.jpg 945w, https:\/\/cpl14.fr\/wp-content\/uploads\/2019\/12\/montargis-7-300x210.jpg 300w, https:\/\/cpl14.fr\/wp-content\/uploads\/2019\/12\/montargis-7-768x539.jpg 768w\" sizes=\"auto, (max-width: 701px) 100vw, 701px\" \/><\/p>\n<p style=\"text-align: center;\">Lettre affranchie d&rsquo;un Gien 0,90F<br \/>\nCe timbre sert \u00e0 affranchir les lettres au 2\u00e9me \u00e9chelon de poids<br \/>\nau tarif rapide, entre le 20 ao\u00fbt 1973 et le 15 septembre 1974<\/p>\n<p>&nbsp;<\/p>\n<p><img loading=\"lazy\" decoding=\"async\" class=\"wp-image-5909 aligncenter\" src=\"http:\/\/cpl14.fr\/wp-content\/uploads\/2019\/12\/montargis-6b.jpg\" alt=\"\" width=\"905\" height=\"454\" srcset=\"https:\/\/cpl14.fr\/wp-content\/uploads\/2019\/12\/montargis-6b.jpg 1275w, https:\/\/cpl14.fr\/wp-content\/uploads\/2019\/12\/montargis-6b-300x150.jpg 300w, https:\/\/cpl14.fr\/wp-content\/uploads\/2019\/12\/montargis-6b-768x385.jpg 768w, https:\/\/cpl14.fr\/wp-content\/uploads\/2019\/12\/montargis-6b-1024x513.jpg 1024w\" sizes=\"auto, (max-width: 905px) 100vw, 905px\" \/><\/p>\n<p style=\"text-align: center;\">Lettre affranchie d&rsquo;un Mus\u00e9e Postal 0,50F<br \/>\nCe timbre sert \u00e0 affranchir les lettres au 1er \u00e9chelon de poids<br \/>\nau tarif rapide, entre le 20 d\u00e9cembre 1973 et le 15 septembre 1974<\/p>\n<p>&nbsp;<\/p>\n<p>Nous sommes maintenant:<\/p>\n<p>-entre le 20 d\u00e9cembre 1973 et le 15 ao\u00fbt 1974<\/p>\n<p>Et le mieux que nous ayons trouv\u00e9:<\/p>\n<p>&nbsp;<\/p>\n<p><img loading=\"lazy\" decoding=\"async\" class=\"wp-image-5906 aligncenter\" src=\"http:\/\/cpl14.fr\/wp-content\/uploads\/2019\/12\/montargis-5b.jpg\" alt=\"\" width=\"698\" height=\"499\" srcset=\"https:\/\/cpl14.fr\/wp-content\/uploads\/2019\/12\/montargis-5b.jpg 948w, https:\/\/cpl14.fr\/wp-content\/uploads\/2019\/12\/montargis-5b-300x215.jpg 300w, https:\/\/cpl14.fr\/wp-content\/uploads\/2019\/12\/montargis-5b-768x549.jpg 768w\" sizes=\"auto, (max-width: 698px) 100vw, 698px\" \/><\/p>\n<p style=\"text-align: center;\">Lettre affranchie d&rsquo;une Marianne de B\u00e9quet 0,50F<br \/>\navec 3 bandes de phosphore<br \/>\nFlamme \u00ab\u00a0NUIT DE LA CHIMIE\/16 FEV. 1974\/CAEN\u00a0\u00bb<br \/>\nutilis\u00e9e \u00e0 Caen R.P. jusqu&rsquo;au 15 f\u00e9vrier 1974<\/p>\n<p>Nous pouvons donc avancer un cr\u00e9neau d&rsquo;une premi\u00e8re date d&rsquo;utilisation \u00e0 CAEN R.P. :<br \/>\n-entre le 1er janvier 1974 (d&rsquo;apr\u00e8s les cartons de notre archive) et le 15 f\u00e9vrier 1974 (fin d&rsquo;utilisation de l&rsquo;OMEC ci-dessus)<\/p>\n<h4><\/h4>\n<h4>apr\u00e8s janvier 1974<\/h4>\n<p><img loading=\"lazy\" decoding=\"async\" class=\" wp-image-5911 aligncenter\" src=\"http:\/\/cpl14.fr\/wp-content\/uploads\/2019\/12\/montargis-8a.jpg\" alt=\"\" width=\"698\" height=\"493\" srcset=\"https:\/\/cpl14.fr\/wp-content\/uploads\/2019\/12\/montargis-8a.jpg 951w, https:\/\/cpl14.fr\/wp-content\/uploads\/2019\/12\/montargis-8a-300x212.jpg 300w, https:\/\/cpl14.fr\/wp-content\/uploads\/2019\/12\/montargis-8a-768x543.jpg 768w\" sizes=\"auto, (max-width: 698px) 100vw, 698px\" \/><\/p>\n<p style=\"text-align: center;\">Lettre affranchie d&rsquo;un Arphila 0,50F<br \/>\nCe timbre sert \u00e0 affranchir les lettres au 1er \u00e9chelon de poids<br \/>\nau tarif rapide, entre le 21 janvier et le 15 septembre 1974<\/p>\n<p>&nbsp;<\/p>\n<p>Le 16 septembre 1974, les tarifs postaux changent. La lettre lente passe \u00e0 0,60F et la lettre rapide passe \u00e0 0,80F. Mais les timbres au nouveau tarif ne sont \u00e9mis que le 7 octobre, en attendant il faut composer les affranchissements:<\/p>\n<p>&nbsp;<\/p>\n<p><img loading=\"lazy\" decoding=\"async\" class=\"wp-image-5912 aligncenter\" src=\"http:\/\/cpl14.fr\/wp-content\/uploads\/2019\/12\/montargis-9a.jpg\" alt=\"\" width=\"702\" height=\"494\" srcset=\"https:\/\/cpl14.fr\/wp-content\/uploads\/2019\/12\/montargis-9a.jpg 951w, https:\/\/cpl14.fr\/wp-content\/uploads\/2019\/12\/montargis-9a-300x211.jpg 300w, https:\/\/cpl14.fr\/wp-content\/uploads\/2019\/12\/montargis-9a-768x540.jpg 768w\" sizes=\"auto, (max-width: 702px) 100vw, 702px\" \/><\/p>\n<p style=\"text-align: center;\">Lettre tarif rapide affranchie d&rsquo;une Marianne de B\u00e9quet 0,50F<br \/>\navec 3 bandes de phosphore<br \/>\net d&rsquo;une Marianne de Cheffer typographi\u00e9e 0,30F<br \/>\navec 1 bande de phosphore \u00e0 droite<\/p>\n<p style=\"text-align: center;\">Ces timbres servent \u00e0 affranchir les lettres au 1er \u00e9chelon de poids au tarif rapide,<br \/>\nentre le 16 septembre et le 7 octobre 1974, au minimum&#8230;<\/p>\n<p>&nbsp;<\/p>\n<p>Les nouveaux timbres sont \u00e9mis le 7 octobre 1974.<\/p>\n<p><img loading=\"lazy\" decoding=\"async\" class=\"wp-image-5913 aligncenter\" src=\"http:\/\/cpl14.fr\/wp-content\/uploads\/2019\/12\/montargis-9b.jpg\" alt=\"\" width=\"697\" height=\"503\" srcset=\"https:\/\/cpl14.fr\/wp-content\/uploads\/2019\/12\/montargis-9b.jpg 948w, https:\/\/cpl14.fr\/wp-content\/uploads\/2019\/12\/montargis-9b-300x216.jpg 300w, https:\/\/cpl14.fr\/wp-content\/uploads\/2019\/12\/montargis-9b-768x554.jpg 768w\" sizes=\"auto, (max-width: 697px) 100vw, 697px\" \/><\/p>\n<p style=\"text-align: center;\">Lettre affranchie d&rsquo;une Marianne de B\u00e9quet 1,00F<br \/>\navec une bande de phosphore<br \/>\nFlamme \u00ab\u00a0TILLY SUR SEULLES\/MOTO-CROSS INTER\/6 AVRIL 1975\u00a0\u00bb<br \/>\nutilis\u00e9e \u00e0 Caen R.P.<\/p>\n<p>&nbsp;<\/p>\n<p><img loading=\"lazy\" decoding=\"async\" class=\"wp-image-5914 aligncenter\" src=\"http:\/\/cpl14.fr\/wp-content\/uploads\/2019\/12\/montargis-10a.jpg\" alt=\"\" width=\"703\" height=\"493\" srcset=\"https:\/\/cpl14.fr\/wp-content\/uploads\/2019\/12\/montargis-10a.jpg 945w, https:\/\/cpl14.fr\/wp-content\/uploads\/2019\/12\/montargis-10a-300x210.jpg 300w, https:\/\/cpl14.fr\/wp-content\/uploads\/2019\/12\/montargis-10a-768x539.jpg 768w\" sizes=\"auto, (max-width: 703px) 100vw, 703px\" \/><\/p>\n<p style=\"text-align: center;\">Lettre affranchie d&rsquo;une Marianne de B\u00e9quet 0,80F<br \/>\navec 3 bandes de phosphore<br \/>\nFlamme \u00ab\u00a0TILLY SUR SEULLES\/MOTO-CROSS INTER\/6 AVRIL 1975\u00a0\u00bb<br \/>\nutilis\u00e9e \u00e0 Caen R.P.<br \/>\nEmpreinte faut\u00e9e de l&rsquo;OMEC de Caen Gambetta du 6 mars 1975<\/p>\n<p>&nbsp;<\/p>\n<p><img loading=\"lazy\" decoding=\"async\" class=\" wp-image-5915 aligncenter\" src=\"http:\/\/cpl14.fr\/wp-content\/uploads\/2019\/12\/montargis-10b.jpg\" alt=\"\" width=\"896\" height=\"456\" srcset=\"https:\/\/cpl14.fr\/wp-content\/uploads\/2019\/12\/montargis-10b.jpg 1272w, https:\/\/cpl14.fr\/wp-content\/uploads\/2019\/12\/montargis-10b-300x153.jpg 300w, https:\/\/cpl14.fr\/wp-content\/uploads\/2019\/12\/montargis-10b-768x391.jpg 768w, https:\/\/cpl14.fr\/wp-content\/uploads\/2019\/12\/montargis-10b-1024x522.jpg 1024w\" sizes=\"auto, (max-width: 896px) 100vw, 896px\" \/><\/p>\n<p style=\"text-align: center;\">Lettre affranchie d&rsquo;une Marianne de B\u00e9quet 0,60F<br \/>\navec une bande de phosphore<br \/>\nFlamme illustr\u00e9e utilis\u00e9e \u00e0 Caen R.P. au printemps 1976<br \/>\n\u00ab\u00a0CAEN 28-30 MAI, 49es CHAMPIONNAT de FRANCE de TENNIS de TABLE\u00a0\u00bb<\/p>\n<p>&nbsp;<\/p>\n<p>&nbsp;<\/p>\n<p>Le 2 ao\u00fbt 1976, nouveau tarif postal. La lettre 1er \u00e9chelon de poids tarif lent passe \u00e0 0,80F et le tarif rapide passe \u00e0 1,00F. Le 0,80F Marianne de B\u00e9quet devient vert, le 1,00 rouge n&rsquo;est \u00e9mis qu&rsquo;en septembre.<\/p>\n<p>&nbsp;<\/p>\n<p><img loading=\"lazy\" decoding=\"async\" class=\"wp-image-5916 aligncenter\" src=\"http:\/\/cpl14.fr\/wp-content\/uploads\/2019\/12\/montargis-11a.jpg\" alt=\"\" width=\"701\" height=\"498\" srcset=\"https:\/\/cpl14.fr\/wp-content\/uploads\/2019\/12\/montargis-11a.jpg 948w, https:\/\/cpl14.fr\/wp-content\/uploads\/2019\/12\/montargis-11a-300x213.jpg 300w, https:\/\/cpl14.fr\/wp-content\/uploads\/2019\/12\/montargis-11a-768x545.jpg 768w\" sizes=\"auto, (max-width: 701px) 100vw, 701px\" \/><\/p>\n<p style=\"text-align: center;\">Lettre affranchie d&rsquo;une Marianne de B\u00e9quet 1,00F sans phosphore<br \/>\nEmpreinte faut\u00e9e de Caen-Gare du mois d&rsquo;octobre 1976<br \/>\nFlamme illustr\u00e9e \u00ab\u00a0SOS AMITIE\u00a0\u00bb<\/p>\n<p>&nbsp;<\/p>\n<p><img loading=\"lazy\" decoding=\"async\" class=\"wp-image-5918 aligncenter\" src=\"http:\/\/cpl14.fr\/wp-content\/uploads\/2019\/12\/montargis-12a.jpg\" alt=\"\" width=\"701\" height=\"496\" srcset=\"https:\/\/cpl14.fr\/wp-content\/uploads\/2019\/12\/montargis-12a.jpg 951w, https:\/\/cpl14.fr\/wp-content\/uploads\/2019\/12\/montargis-12a-300x212.jpg 300w, https:\/\/cpl14.fr\/wp-content\/uploads\/2019\/12\/montargis-12a-768x543.jpg 768w\" sizes=\"auto, (max-width: 701px) 100vw, 701px\" \/><\/p>\n<p style=\"text-align: center;\">Lettre affranchie d&rsquo;un St L\u00f4 0,20F et d&rsquo;un Rattachement du Cambr\u00e9sis 0,80F<br \/>\nle timbre \u00e0 0,80 est \u00e9mis entre le 16 mai et le 9 d\u00e9cembre 1977<\/p>\n<p>&nbsp;<\/p>\n<p>Fin 1977, suite \u00e0 des protestations des clients ayant financ\u00e9 les flammes publicitaires rendues illisibles par leur position \u00e0 droite, donc sur les timbres, la Poste d\u00e9cide de passer les flammes \u00e0 gauche du timbre \u00e0 date:<\/p>\n<p>&nbsp;<\/p>\n<p style=\"text-align: center;\"><img loading=\"lazy\" decoding=\"async\" class=\"wp-image-5922 aligncenter\" src=\"http:\/\/cpl14.fr\/wp-content\/uploads\/2019\/12\/montargis-13a.jpg\" alt=\"\" width=\"700\" height=\"498\" srcset=\"https:\/\/cpl14.fr\/wp-content\/uploads\/2019\/12\/montargis-13a.jpg 957w, https:\/\/cpl14.fr\/wp-content\/uploads\/2019\/12\/montargis-13a-300x213.jpg 300w, https:\/\/cpl14.fr\/wp-content\/uploads\/2019\/12\/montargis-13a-768x547.jpg 768w\" sizes=\"auto, (max-width: 700px) 100vw, 700px\" \/><\/p>\n<p style=\"text-align: center;\">Lettre affranchie d&rsquo;une Marianne de B\u00e9quet 1,00F<br \/>\navec 3 bandes de phosphore<br \/>\nFlamme illustr\u00e9e avec rappel, de date, utilis\u00e9e \u00e0 Caen R.P. le 26 octobre 1977<br \/>\n\u00ab\u00a0CONCOURS HIPPIQUE INTERNATIONAL, CAEN, 28 au 31 OCT. 1977\u00a0\u00bb<\/p>\n<p>&nbsp;<\/p>\n<p><img loading=\"lazy\" decoding=\"async\" class=\"wp-image-5923 aligncenter\" src=\"http:\/\/cpl14.fr\/wp-content\/uploads\/2019\/12\/montargis-13b.jpg\" alt=\"\" width=\"702\" height=\"509\" srcset=\"https:\/\/cpl14.fr\/wp-content\/uploads\/2019\/12\/montargis-13b.jpg 948w, https:\/\/cpl14.fr\/wp-content\/uploads\/2019\/12\/montargis-13b-300x217.jpg 300w, https:\/\/cpl14.fr\/wp-content\/uploads\/2019\/12\/montargis-13b-768x557.jpg 768w\" sizes=\"auto, (max-width: 702px) 100vw, 702px\" \/><\/p>\n<p style=\"text-align: center;\">Lettre affranchie d&rsquo;une Marianne de B\u00e9quet 1,00F<br \/>\navec 3 bandes de phosphore<br \/>\nFlamme illustr\u00e9e avec rappel, de date, utilis\u00e9e \u00e0 Caen R.P. le 11 janvier 1978<br \/>\n\u00ab\u00a0TILLY SUR SEULLES, 1 et 2 AVRIL 78, 25e MOTO-CROSS INTER\u00a0\u00bb<\/p>\n<p style=\"text-align: center;\">Empreinte faut\u00e9e de l&rsquo;OMEC de Potigny, 10 janvier 1978<\/p>\n<p>&nbsp;<\/p>\n<p><img loading=\"lazy\" decoding=\"async\" class=\"wp-image-5919 aligncenter\" src=\"http:\/\/cpl14.fr\/wp-content\/uploads\/2019\/12\/montargis-12b.jpg\" alt=\"\" width=\"701\" height=\"501\" srcset=\"https:\/\/cpl14.fr\/wp-content\/uploads\/2019\/12\/montargis-12b.jpg 945w, https:\/\/cpl14.fr\/wp-content\/uploads\/2019\/12\/montargis-12b-300x214.jpg 300w, https:\/\/cpl14.fr\/wp-content\/uploads\/2019\/12\/montargis-12b-768x549.jpg 768w\" sizes=\"auto, (max-width: 701px) 100vw, 701px\" \/><\/p>\n<p style=\"text-align: center;\">Lettre affranchie d&rsquo;un M\u00e9morial au G\u00e9n\u00e9ral De Gaulle 1,00F<br \/>\nFlamme illustr\u00e9e avec rappel, de date, utilis\u00e9e \u00e0 Caen R.P. le 4 janvier 1978<br \/>\n\u00ab\u00a0TILLY-sur-SEULLES, 1 et 2 AVRIL 78, 25e MOTOCROSS INTER\u00a0\u00bb<\/p>\n<p>&nbsp;<\/p>\n<p>Le 19 d\u00e9cembre 1977, les Mariannes sont remplac\u00e9es par les Sabines. La Sabine de Gandon verte \u00e0 0,80F tarif lent et la rouge \u00e0 1,00F tarif rapide.<\/p>\n<p>&nbsp;<\/p>\n<p><img loading=\"lazy\" decoding=\"async\" class=\"wp-image-5924 aligncenter\" src=\"http:\/\/cpl14.fr\/wp-content\/uploads\/2019\/12\/montargis-14a.jpg\" alt=\"\" width=\"700\" height=\"504\" srcset=\"https:\/\/cpl14.fr\/wp-content\/uploads\/2019\/12\/montargis-14a.jpg 939w, https:\/\/cpl14.fr\/wp-content\/uploads\/2019\/12\/montargis-14a-300x216.jpg 300w, https:\/\/cpl14.fr\/wp-content\/uploads\/2019\/12\/montargis-14a-768x553.jpg 768w\" sizes=\"auto, (max-width: 700px) 100vw, 700px\" \/><\/p>\n<p style=\"text-align: center;\">Lettre affranchie d&rsquo;une Sabine de Gandon 1,00F<br \/>\navec 2 bandes de phosphore<br \/>\nFlamme avec rappel de date, utilis\u00e9e \u00e0 Caen R.P. le 23 mars 1978<br \/>\n\u00ab\u00a0TILLY-sur-SEULLES, 1 ET 2 AVRIL 78,\u00a0 25e MOTOCROSS INTER\u00a0\u00bb<\/p>\n<p>&nbsp;<\/p>\n<p>Le 15 mai 1978, changement de tarifs. Les Sabines passent \u00e0 1,00F pour la verte, et 1,20F pour la rouge. Mais les timbres ne sont \u00e9mis que le 5 juin&#8230; il faut de nouveau composer.<\/p>\n<p><img loading=\"lazy\" decoding=\"async\" class=\" wp-image-5925 aligncenter\" src=\"http:\/\/cpl14.fr\/wp-content\/uploads\/2019\/12\/montargis-15a.jpg\" alt=\"\" width=\"701\" height=\"493\" srcset=\"https:\/\/cpl14.fr\/wp-content\/uploads\/2019\/12\/montargis-15a.jpg 951w, https:\/\/cpl14.fr\/wp-content\/uploads\/2019\/12\/montargis-15a-300x211.jpg 300w, https:\/\/cpl14.fr\/wp-content\/uploads\/2019\/12\/montargis-15a-768x540.jpg 768w\" sizes=\"auto, (max-width: 701px) 100vw, 701px\" \/><\/p>\n<p style=\"text-align: center;\">Lettre affranchie de Sabine de Gandon 1,00F et 0,20F<br \/>\navec bandes de phosphore<br \/>\nEmpreinte invers\u00e9e avec flamme \u00e0 droite du \u00e0 une erreur de montage<\/p>\n<p>&nbsp;<\/p>\n<p>Le tarif du 15 mai 1978 restera en vigueur jusqu&rsquo;au 30 septembre 1979. Nous n&rsquo;avons pas vu de lettre \u00e0 un autre tarif.<\/p>\n<p><img loading=\"lazy\" decoding=\"async\" class=\"wp-image-5926 aligncenter\" src=\"http:\/\/cpl14.fr\/wp-content\/uploads\/2019\/12\/montargis-14b.jpg\" alt=\"\" width=\"899\" height=\"458\" srcset=\"https:\/\/cpl14.fr\/wp-content\/uploads\/2019\/12\/montargis-14b.jpg 1272w, https:\/\/cpl14.fr\/wp-content\/uploads\/2019\/12\/montargis-14b-300x153.jpg 300w, https:\/\/cpl14.fr\/wp-content\/uploads\/2019\/12\/montargis-14b-768x391.jpg 768w, https:\/\/cpl14.fr\/wp-content\/uploads\/2019\/12\/montargis-14b-1024x522.jpg 1024w\" sizes=\"auto, (max-width: 899px) 100vw, 899px\" \/><\/p>\n<p style=\"text-align: center;\">Lettre affranchie d&rsquo;une Sabine de Gandon 1,20F<br \/>\navec 2 bandes de phosphore<br \/>\nFlamme avec rappel de date, utilis\u00e9e \u00e0 Caen R.P. le 6 mars 1979<br \/>\n\u00ab\u00a0TILLY-S-SEULLES, 1er AVRIL 79, MOTOCROSS INTER\u00a0\u00bb<\/p>\n<p>&nbsp;<\/p>\n<p>Pour terminer, 2 belles empreintes:<\/p>\n<p>-1 avec bloc Montargis invers\u00e9 (avant 1977, flamme \u00e0 droite)<\/p>\n<p><img loading=\"lazy\" decoding=\"async\" class=\"wp-image-5927 aligncenter\" src=\"http:\/\/cpl14.fr\/wp-content\/uploads\/2019\/12\/montargis-16a.jpg\" alt=\"\" width=\"703\" height=\"502\" srcset=\"https:\/\/cpl14.fr\/wp-content\/uploads\/2019\/12\/montargis-16a.jpg 942w, https:\/\/cpl14.fr\/wp-content\/uploads\/2019\/12\/montargis-16a-300x214.jpg 300w, https:\/\/cpl14.fr\/wp-content\/uploads\/2019\/12\/montargis-16a-768x549.jpg 768w\" sizes=\"auto, (max-width: 703px) 100vw, 703px\" \/><\/p>\n<p>&nbsp;<\/p>\n<p>-1 avec bloc Montargis invers\u00e9 et flamme \u00e9galement invers\u00e9e (apr\u00e8s 1977, la flamme devrait \u00eatre \u00e0 gauche)<\/p>\n<p><img loading=\"lazy\" decoding=\"async\" class=\"wp-image-5928 aligncenter\" src=\"http:\/\/cpl14.fr\/wp-content\/uploads\/2019\/12\/montargis-16b.jpg\" alt=\"\" width=\"700\" height=\"492\" srcset=\"https:\/\/cpl14.fr\/wp-content\/uploads\/2019\/12\/montargis-16b.jpg 948w, https:\/\/cpl14.fr\/wp-content\/uploads\/2019\/12\/montargis-16b-300x211.jpg 300w, https:\/\/cpl14.fr\/wp-content\/uploads\/2019\/12\/montargis-16b-768x540.jpg 768w\" sizes=\"auto, (max-width: 700px) 100vw, 700px\" \/><\/p>\n<p style=\"text-align: right;\">Collection Bruno BONNET<\/p>\n<p>Nous n&rsquo;avons pas vu de Bloc Montargis post\u00e9rieurs \u00e0 1979, mais suite \u00e0 la parution de notre article, Patrick LAVENAS(*) nous a transmis la derni\u00e8re version d&rsquo;un article qui avait publi\u00e9 la premi\u00e8re fois en 2016 dans le bulletin de la SCOTEM:<\/p>\n<p><a href=\"http:\/\/cpl14.fr\/wp-content\/uploads\/2020\/01\/Article-BLOC-MONTARGIS-M\u00e0J-25-01-2020.pdf\">_Article BLOC MONTARGIS (M\u00e0J 25-01-2020)<\/a><\/p>\n<p>Il apparait un usage \u00e0 Caen jusqu&rsquo;en 1991&#8230; Les blocs Montargis ont \u00e9t\u00e9 retir\u00e9 du service en 1984&#8230; les utilisations \u00e0 Caen R.P. post\u00e9rieurement \u00e0 cette date de retrait sont-elle de complaisance?<\/p>\n<p>Notre \u00e9tude n&rsquo;aurait pas \u00e9t\u00e9 possible sans le travail de Me Pineau qui a conserv\u00e9 le courrier de son \u00e9tude durant plus de 50 ans, produisant une archive d&rsquo;une forte importance et d&rsquo;une grande puret\u00e9.<\/p>\n<ul>\n<li>Note: Patrick LAVENAS est l&rsquo;auteur de \u00ab\u00a0LES BUREAUX BIS\/TER et assimil\u00e9s\u00a0\u00bb \u00e9dit\u00e9 par la FFAP<\/li>\n<li><img loading=\"lazy\" decoding=\"async\" class=\" wp-image-5966 aligncenter\" src=\"http:\/\/cpl14.fr\/wp-content\/uploads\/2020\/01\/lavenas.jpg\" alt=\"\" width=\"599\" height=\"799\" srcset=\"https:\/\/cpl14.fr\/wp-content\/uploads\/2020\/01\/lavenas.jpg 669w, https:\/\/cpl14.fr\/wp-content\/uploads\/2020\/01\/lavenas-225x300.jpg 225w\" sizes=\"auto, (max-width: 599px) 100vw, 599px\" \/><\/li>\n<\/ul>\n","protected":false},"excerpt":{"rendered":"<div class=\"mh-excerpt\"><p>Dans son ouvrage \u00ab\u00a0L&rsquo;oblit\u00e9ration m\u00e9canique en France\u00a0\u00bb, Yvon Nouaz\u00e9 nous indique que ce type d&#8217;empreinte est apparu pour la premi\u00e8re fois \u00e0 Montargis le 07.08.69, <a class=\"mh-excerpt-more\" href=\"https:\/\/cpl14.fr\/?p=5895\" title=\"La \u00ab\u00a0MONTARGIS\u00a0\u00bb de CAEN R.P.\">[&#8230;]<\/a><\/p>\n<\/div>","protected":false},"author":1,"featured_media":5896,"comment_status":"open","ping_status":"open","sticky":false,"template":"","format":"standard","meta":{"footnotes":""},"categories":[17,12],"tags":[263,265,264,266,262],"class_list":["post-5895","post","type-post","status-publish","format-standard","has-post-thumbnail","hentry","category-histoire-postale-et-marcophilie","category-la-normandie","tag-caen","tag-griffe","tag-montargis","tag-obliteration-mecanique","tag-omec"],"_links":{"self":[{"href":"https:\/\/cpl14.fr\/index.php?rest_route=\/wp\/v2\/posts\/5895","targetHints":{"allow":["GET"]}}],"collection":[{"href":"https:\/\/cpl14.fr\/index.php?rest_route=\/wp\/v2\/posts"}],"about":[{"href":"https:\/\/cpl14.fr\/index.php?rest_route=\/wp\/v2\/types\/post"}],"author":[{"embeddable":true,"href":"https:\/\/cpl14.fr\/index.php?rest_route=\/wp\/v2\/users\/1"}],"replies":[{"embeddable":true,"href":"https:\/\/cpl14.fr\/index.php?rest_route=%2Fwp%2Fv2%2Fcomments&post=5895"}],"version-history":[{"count":9,"href":"https:\/\/cpl14.fr\/index.php?rest_route=\/wp\/v2\/posts\/5895\/revisions"}],"predecessor-version":[{"id":5967,"href":"https:\/\/cpl14.fr\/index.php?rest_route=\/wp\/v2\/posts\/5895\/revisions\/5967"}],"wp:featuredmedia":[{"embeddable":true,"href":"https:\/\/cpl14.fr\/index.php?rest_route=\/wp\/v2\/media\/5896"}],"wp:attachment":[{"href":"https:\/\/cpl14.fr\/index.php?rest_route=%2Fwp%2Fv2%2Fmedia&parent=5895"}],"wp:term":[{"taxonomy":"category","embeddable":true,"href":"https:\/\/cpl14.fr\/index.php?rest_route=%2Fwp%2Fv2%2Fcategories&post=5895"},{"taxonomy":"post_tag","embeddable":true,"href":"https:\/\/cpl14.fr\/index.php?rest_route=%2Fwp%2Fv2%2Ftags&post=5895"}],"curies":[{"name":"wp","href":"https:\/\/api.w.org\/{rel}","templated":true}]}}