{"id":988,"date":"2017-06-03T14:58:51","date_gmt":"2017-06-03T12:58:51","guid":{"rendered":"http:\/\/cpl14.fr\/?p=988"},"modified":"2017-06-04T22:15:41","modified_gmt":"2017-06-04T20:15:41","slug":"les-debuts-de-limpression-sur-td6","status":"publish","type":"post","link":"https:\/\/cpl14.fr\/?p=988","title":{"rendered":"Les d\u00e9buts de l&rsquo;impression sur TD6"},"content":{"rendered":"<p>Comme pour les <a href=\"http:\/\/cpl14.fr\/?p=764\">d\u00e9but de la TD3<\/a>, et presqu&rsquo;\u00e0 la m\u00eame \u00e9poque, l&rsquo;ITP se lance dans l&rsquo;impression \u00ab\u00a0polychrome\u00a0\u00bb \u00e0 l&rsquo;aide de la machine \u00e0 6 couleurs TD6.<\/p>\n<p>A la diff\u00e9rence de la TD3 qui imprime 3 couleurs simultan\u00e9ment, la TD 6 imprime les 6 couleurs en 2 passages (1 direct et 1 report, voir toujours <a href=\"http:\/\/blog-impressions-timbrees.blogspot.fr\/\">le site de Papy24<\/a>).<\/p>\n<p>Les m\u00eames probl\u00e8mes d&rsquo;apprentissage et de r\u00e9glage se pr\u00e9sentent, avec quand m\u00eame l&rsquo;exp\u00e9rience de l&rsquo;impression 3 couleurs<\/p>\n<h3>S\u00e9rie \u00ab\u00a0Tableaux de Ma\u00eetres\u00a0\u00bb de 1962<\/h3>\n<h5>n\u00b01363, Gustave Courbet: \u00ab\u00a0Bonjour M. Courbet\u00a0\u00bb<\/h5>\n<p><img loading=\"lazy\" decoding=\"async\" class=\"aligncenter size-full wp-image-990\" src=\"http:\/\/cpl14.fr\/wp-content\/uploads\/2017\/06\/courbet.jpg\" alt=\"\" width=\"900\" height=\"697\" srcset=\"https:\/\/cpl14.fr\/wp-content\/uploads\/2017\/06\/courbet.jpg 900w, https:\/\/cpl14.fr\/wp-content\/uploads\/2017\/06\/courbet-300x232.jpg 300w, https:\/\/cpl14.fr\/wp-content\/uploads\/2017\/06\/courbet-768x595.jpg 768w\" sizes=\"auto, (max-width: 900px) 100vw, 900px\" \/><\/p>\n<p style=\"text-align: center;\">M. Courbet et ses 2 b\u00e2tons (d\u00e9calage du rouge )<\/p>\n<p style=\"text-align: center;\"><img loading=\"lazy\" decoding=\"async\" class=\"aligncenter size-full wp-image-991\" src=\"http:\/\/cpl14.fr\/wp-content\/uploads\/2017\/06\/courbet-2.jpg\" alt=\"\" width=\"412\" height=\"750\" srcset=\"https:\/\/cpl14.fr\/wp-content\/uploads\/2017\/06\/courbet-2.jpg 412w, https:\/\/cpl14.fr\/wp-content\/uploads\/2017\/06\/courbet-2-165x300.jpg 165w\" sizes=\"auto, (max-width: 412px) 100vw, 412px\" \/><\/p>\n<p style=\"text-align: center;\">.<\/p>\n<h5>n\u00b01364, Edouard Manet: \u00ab\u00a0Madame Manet au canap\u00e9 bleu\u00a0\u00bb<\/h5>\n<p><img loading=\"lazy\" decoding=\"async\" class=\"aligncenter size-full wp-image-995\" src=\"http:\/\/cpl14.fr\/wp-content\/uploads\/2017\/06\/manet-1.jpg\" alt=\"\" width=\"900\" height=\"705\" srcset=\"https:\/\/cpl14.fr\/wp-content\/uploads\/2017\/06\/manet-1.jpg 900w, https:\/\/cpl14.fr\/wp-content\/uploads\/2017\/06\/manet-1-300x235.jpg 300w, https:\/\/cpl14.fr\/wp-content\/uploads\/2017\/06\/manet-1-768x602.jpg 768w\" sizes=\"auto, (max-width: 900px) 100vw, 900px\" \/><\/p>\n<p style=\"text-align: center;\">Madame Manet est entour\u00e9e de blanc (d\u00e9calage du bleu)<\/p>\n<p><img loading=\"lazy\" decoding=\"async\" class=\"aligncenter size-full wp-image-992\" src=\"http:\/\/cpl14.fr\/wp-content\/uploads\/2017\/06\/manet.jpg\" alt=\"\" width=\"700\" height=\"449\" srcset=\"https:\/\/cpl14.fr\/wp-content\/uploads\/2017\/06\/manet.jpg 700w, https:\/\/cpl14.fr\/wp-content\/uploads\/2017\/06\/manet-300x192.jpg 300w\" sizes=\"auto, (max-width: 700px) 100vw, 700px\" \/><\/p>\n<p style=\"text-align: center;\">.<\/p>\n<h5>n\u00b01365, Th\u00e9odore Gericault: \u00ab\u00a0Officier de Chasseur de la Garde\u00a0\u00bb<\/h5>\n<p><img loading=\"lazy\" decoding=\"async\" class=\"aligncenter size-full wp-image-993\" src=\"http:\/\/cpl14.fr\/wp-content\/uploads\/2017\/06\/gericault.jpg\" alt=\"\" width=\"700\" height=\"907\" srcset=\"https:\/\/cpl14.fr\/wp-content\/uploads\/2017\/06\/gericault.jpg 700w, https:\/\/cpl14.fr\/wp-content\/uploads\/2017\/06\/gericault-232x300.jpg 232w\" sizes=\"auto, (max-width: 700px) 100vw, 700px\" \/><\/p>\n<p style=\"text-align: center;\">Qui a dit que les guerres Napol\u00e9oniennes \u00e9taient sanglantes? (d\u00e9calage du rouge, surtout visible au sabre et \u00e0 la valeur tach\u00e9s de sang)<\/p>\n<p style=\"text-align: center;\"><img loading=\"lazy\" decoding=\"async\" class=\"aligncenter size-full wp-image-994\" src=\"http:\/\/cpl14.fr\/wp-content\/uploads\/2017\/06\/gericault-2-1.jpg\" alt=\"\" width=\"400\" height=\"600\" srcset=\"https:\/\/cpl14.fr\/wp-content\/uploads\/2017\/06\/gericault-2-1.jpg 400w, https:\/\/cpl14.fr\/wp-content\/uploads\/2017\/06\/gericault-2-1-200x300.jpg 200w\" sizes=\"auto, (max-width: 400px) 100vw, 400px\" \/><\/p>\n<p style=\"text-align: center;\">&#8211;<\/p>\n<p style=\"text-align: left;\">Plus tard, il y aura toujours des vari\u00e9t\u00e9s mais surtout accidentelles, les \u00ab\u00a0cochers\u00a0\u00bb ayant pris leur\u00a0machine en main:<\/p>\n<h5>n\u00b01399, Cath\u00e9drale de Chartres: \u00ab\u00a0Les Marchands de Fourrures\u00a0\u00bb<\/h5>\n<p><img loading=\"lazy\" decoding=\"async\" class=\"aligncenter size-full wp-image-996\" src=\"http:\/\/cpl14.fr\/wp-content\/uploads\/2017\/06\/chartres.jpg\" alt=\"\" width=\"709\" height=\"900\" srcset=\"https:\/\/cpl14.fr\/wp-content\/uploads\/2017\/06\/chartres.jpg 709w, https:\/\/cpl14.fr\/wp-content\/uploads\/2017\/06\/chartres-236x300.jpg 236w\" sizes=\"auto, (max-width: 709px) 100vw, 709px\" \/><\/p>\n<p style=\"text-align: center;\">colonne blanche (d\u00e9calage du rouge)<\/p>\n<p style=\"text-align: center;\"><img loading=\"lazy\" decoding=\"async\" class=\"aligncenter size-full wp-image-997\" src=\"http:\/\/cpl14.fr\/wp-content\/uploads\/2017\/06\/chartres-2.jpg\" alt=\"\" width=\"377\" height=\"700\" srcset=\"https:\/\/cpl14.fr\/wp-content\/uploads\/2017\/06\/chartres-2.jpg 377w, https:\/\/cpl14.fr\/wp-content\/uploads\/2017\/06\/chartres-2-162x300.jpg 162w\" sizes=\"auto, (max-width: 377px) 100vw, 377px\" \/><\/p>\n<p style=\"text-align: center;\">.<\/p>\n<h5>n\u00b01967, Henri Rousseau: \u00ab\u00a0La Carriole du P\u00e8re Juinet\u00a0\u00bb<\/h5>\n<p><img loading=\"lazy\" decoding=\"async\" class=\"aligncenter size-full wp-image-998\" src=\"http:\/\/cpl14.fr\/wp-content\/uploads\/2017\/06\/douanier-rousseau.jpg\" alt=\"\" width=\"900\" height=\"695\" srcset=\"https:\/\/cpl14.fr\/wp-content\/uploads\/2017\/06\/douanier-rousseau.jpg 900w, https:\/\/cpl14.fr\/wp-content\/uploads\/2017\/06\/douanier-rousseau-300x232.jpg 300w, https:\/\/cpl14.fr\/wp-content\/uploads\/2017\/06\/douanier-rousseau-768x593.jpg 768w\" sizes=\"auto, (max-width: 900px) 100vw, 900px\" \/><\/p>\n<p style=\"text-align: center;\">roue blanche de la carriole (d\u00e9calage du rouge)<\/p>\n<p style=\"text-align: center;\"><img loading=\"lazy\" decoding=\"async\" class=\"aligncenter size-full wp-image-999\" src=\"http:\/\/cpl14.fr\/wp-content\/uploads\/2017\/06\/douanier-rousseau-2.jpg\" alt=\"\" width=\"500\" height=\"610\" srcset=\"https:\/\/cpl14.fr\/wp-content\/uploads\/2017\/06\/douanier-rousseau-2.jpg 500w, https:\/\/cpl14.fr\/wp-content\/uploads\/2017\/06\/douanier-rousseau-2-246x300.jpg 246w\" sizes=\"auto, (max-width: 500px) 100vw, 500px\" \/><\/p>\n<p>&nbsp;<\/p>\n","protected":false},"excerpt":{"rendered":"<div class=\"mh-excerpt\"><p>Comme pour les d\u00e9but de la TD3, et presqu&rsquo;\u00e0 la m\u00eame \u00e9poque, l&rsquo;ITP se lance dans l&rsquo;impression \u00ab\u00a0polychrome\u00a0\u00bb \u00e0 l&rsquo;aide de la machine \u00e0 6 <a class=\"mh-excerpt-more\" href=\"https:\/\/cpl14.fr\/?p=988\" title=\"Les d\u00e9buts de l&rsquo;impression sur TD6\">[&#8230;]<\/a><\/p>\n<\/div>","protected":false},"author":1,"featured_media":989,"comment_status":"open","ping_status":"open","sticky":false,"template":"","format":"standard","meta":{"footnotes":""},"categories":[3],"tags":[66,69,52],"class_list":["post-988","post","type-post","status-publish","format-standard","has-post-thumbnail","hentry","category-philatelie","tag-taille-douce","tag-timbre-poste","tag-variete"],"_links":{"self":[{"href":"https:\/\/cpl14.fr\/index.php?rest_route=\/wp\/v2\/posts\/988","targetHints":{"allow":["GET"]}}],"collection":[{"href":"https:\/\/cpl14.fr\/index.php?rest_route=\/wp\/v2\/posts"}],"about":[{"href":"https:\/\/cpl14.fr\/index.php?rest_route=\/wp\/v2\/types\/post"}],"author":[{"embeddable":true,"href":"https:\/\/cpl14.fr\/index.php?rest_route=\/wp\/v2\/users\/1"}],"replies":[{"embeddable":true,"href":"https:\/\/cpl14.fr\/index.php?rest_route=%2Fwp%2Fv2%2Fcomments&post=988"}],"version-history":[{"count":2,"href":"https:\/\/cpl14.fr\/index.php?rest_route=\/wp\/v2\/posts\/988\/revisions"}],"predecessor-version":[{"id":1125,"href":"https:\/\/cpl14.fr\/index.php?rest_route=\/wp\/v2\/posts\/988\/revisions\/1125"}],"wp:featuredmedia":[{"embeddable":true,"href":"https:\/\/cpl14.fr\/index.php?rest_route=\/wp\/v2\/media\/989"}],"wp:attachment":[{"href":"https:\/\/cpl14.fr\/index.php?rest_route=%2Fwp%2Fv2%2Fmedia&parent=988"}],"wp:term":[{"taxonomy":"category","embeddable":true,"href":"https:\/\/cpl14.fr\/index.php?rest_route=%2Fwp%2Fv2%2Fcategories&post=988"},{"taxonomy":"post_tag","embeddable":true,"href":"https:\/\/cpl14.fr\/index.php?rest_route=%2Fwp%2Fv2%2Ftags&post=988"}],"curies":[{"name":"wp","href":"https:\/\/api.w.org\/{rel}","templated":true}]}}